{"id":10266,"date":"2024-04-09T15:24:33","date_gmt":"2024-04-09T18:24:33","guid":{"rendered":"https:\/\/www.interactsolutions.com\/?p=10266"},"modified":"2024-04-09T15:25:24","modified_gmt":"2024-04-09T18:25:24","slug":"interact-marca-presencia-en-el-gramado-summit","status":"publish","type":"post","link":"https:\/\/www.interactsolutions.com\/es\/interact-marca-presencia-en-el-gramado-summit\/","title":{"rendered":"Interact marca presencia en el Gramado Summit"},"content":{"rendered":"<p>Entre los d\u00edas 10 y 12 de abril se lleva a cabo el Gramado Summit, el mayor evento de innovaci\u00f3n y emprendimiento que tiene lugar en Gramado.<\/p>\n<p>Por segundo a\u00f1o consecutivo, Interact, a trav\u00e9s de Interact Technology, estar\u00e1 presente en el evento. Esta vez, encontrar\u00e1s al equipo de la organizaci\u00f3n en el espacio de las startups de la Secretar\u00eda de Innovaci\u00f3n del Gobierno.<\/p>\n<p><strong>Sobre el Gramado Summit<\/strong><\/p>\n<p>El evento est\u00e1 en su s\u00e9ptima edici\u00f3n, se lleva a cabo en el Centro de Eventos Serra Park y se espera que este a\u00f1o alcance su r\u00e9cord de asistencia.<\/p>\n<p>A lo largo de los tres d\u00edas del evento, m\u00e1s de 400 oradores abordar\u00e1n temas actuales como el mercado digital, el futuro de las marcas, contenido, estrategias empresariales, desarrollo profesional, liderazgo, entre otros.<\/p>\n<p>&nbsp;<\/p>\n","protected":false},"excerpt":{"rendered":"<p>Entre los d\u00edas 10 y 12 de abril se lleva a cabo el Gramado Summit, el mayor evento de innovaci\u00f3n y emprendimiento que tiene lugar en Gramado. Por segundo a\u00f1o consecutivo, Interact, a trav\u00e9s de Interact Technology, estar\u00e1 presente en\u2026<\/p>\n","protected":false},"author":3,"featured_media":10264,"comment_status":"closed","ping_status":"closed","sticky":false,"template":"","format":"standard","meta":{"_acf_changed":false,"inline_featured_image":false,"footnotes":""},"categories":[2],"class_list":["post-10266","post","type-post","status-publish","format-standard","has-post-thumbnail","hentry","category-sin-categorizar","tipo-post-noticias-es"],"acf":[],"yoast_head":"<!-- This site is optimized with the Yoast SEO plugin v27.5 - https:\/\/yoast.com\/product\/yoast-seo-wordpress\/ -->\n<title>Interact marca presencia en el Gramado Summit<\/title>\n<meta name=\"description\" content=\"Por segunda vez, Interact participa en el evento que se lleva a cabo entre los d\u00edas 10, 11 y 12.\" \/>\n<meta name=\"robots\" content=\"index, follow, max-snippet:-1, max-image-preview:large, max-video-preview:-1\" \/>\n<link rel=\"canonical\" href=\"https:\/\/www.interactsolutions.com\/es\/interact-marca-presencia-en-el-gramado-summit\/\" \/>\n<meta property=\"og:locale\" content=\"es_ES\" \/>\n<meta property=\"og:type\" content=\"article\" \/>\n<meta property=\"og:title\" content=\"Interact marca presencia en el Gramado Summit\" \/>\n<meta property=\"og:description\" content=\"Por segunda vez, Interact participa en el evento que se lleva a cabo entre los d\u00edas 10, 11 y 12.\" \/>\n<meta property=\"og:url\" content=\"https:\/\/www.interactsolutions.com\/es\/interact-marca-presencia-en-el-gramado-summit\/\" \/>\n<meta property=\"og:site_name\" content=\"Interact Solutions\" \/>\n<meta property=\"article:published_time\" content=\"2024-04-09T18:24:33+00:00\" \/>\n<meta property=\"article:modified_time\" content=\"2024-04-09T18:25:24+00:00\" \/>\n<meta property=\"og:image\" content=\"https:\/\/www.interactsolutions.com\/wp-content\/uploads\/2024\/04\/capa_noticia-gramado.png\" \/>\n\t<meta property=\"og:image:width\" content=\"1920\" \/>\n\t<meta property=\"og:image:height\" content=\"1080\" \/>\n\t<meta property=\"og:image:type\" content=\"image\/png\" \/>\n<meta name=\"author\" content=\"conteudo_2\" \/>\n<meta name=\"twitter:card\" content=\"summary_large_image\" \/>\n<meta name=\"twitter:label1\" content=\"Escrito por\" \/>\n\t<meta name=\"twitter:data1\" content=\"conteudo_2\" \/>\n\t<meta name=\"twitter:label2\" content=\"Tiempo de lectura\" \/>\n\t<meta name=\"twitter:data2\" content=\"1 minuto\" \/>\n<script type=\"application\/ld+json\" class=\"yoast-schema-graph\">{\"@context\":\"https:\\\/\\\/schema.org\",\"@graph\":[{\"@type\":\"Article\",\"@id\":\"https:\\\/\\\/www.interactsolutions.com\\\/es\\\/interact-marca-presencia-en-el-gramado-summit\\\/#article\",\"isPartOf\":{\"@id\":\"https:\\\/\\\/www.interactsolutions.com\\\/es\\\/interact-marca-presencia-en-el-gramado-summit\\\/\"},\"author\":{\"name\":\"conteudo_2\",\"@id\":\"https:\\\/\\\/www.interactsolutions.com\\\/es\\\/#\\\/schema\\\/person\\\/68a2f4ee4f57a8ccb8862de4c85c21f5\"},\"headline\":\"Interact marca presencia en el Gramado Summit\",\"datePublished\":\"2024-04-09T18:24:33+00:00\",\"dateModified\":\"2024-04-09T18:25:24+00:00\",\"mainEntityOfPage\":{\"@id\":\"https:\\\/\\\/www.interactsolutions.com\\\/es\\\/interact-marca-presencia-en-el-gramado-summit\\\/\"},\"wordCount\":149,\"image\":{\"@id\":\"https:\\\/\\\/www.interactsolutions.com\\\/es\\\/interact-marca-presencia-en-el-gramado-summit\\\/#primaryimage\"},\"thumbnailUrl\":\"https:\\\/\\\/www.interactsolutions.com\\\/wp-content\\\/uploads\\\/2024\\\/04\\\/capa_noticia-gramado.png\",\"articleSection\":[\"Sin categorizar\"],\"inLanguage\":\"es\"},{\"@type\":\"WebPage\",\"@id\":\"https:\\\/\\\/www.interactsolutions.com\\\/es\\\/interact-marca-presencia-en-el-gramado-summit\\\/\",\"url\":\"https:\\\/\\\/www.interactsolutions.com\\\/es\\\/interact-marca-presencia-en-el-gramado-summit\\\/\",\"name\":\"Interact marca presencia en el Gramado Summit\",\"isPartOf\":{\"@id\":\"https:\\\/\\\/www.interactsolutions.com\\\/es\\\/#website\"},\"primaryImageOfPage\":{\"@id\":\"https:\\\/\\\/www.interactsolutions.com\\\/es\\\/interact-marca-presencia-en-el-gramado-summit\\\/#primaryimage\"},\"image\":{\"@id\":\"https:\\\/\\\/www.interactsolutions.com\\\/es\\\/interact-marca-presencia-en-el-gramado-summit\\\/#primaryimage\"},\"thumbnailUrl\":\"https:\\\/\\\/www.interactsolutions.com\\\/wp-content\\\/uploads\\\/2024\\\/04\\\/capa_noticia-gramado.png\",\"datePublished\":\"2024-04-09T18:24:33+00:00\",\"dateModified\":\"2024-04-09T18:25:24+00:00\",\"author\":{\"@id\":\"https:\\\/\\\/www.interactsolutions.com\\\/es\\\/#\\\/schema\\\/person\\\/68a2f4ee4f57a8ccb8862de4c85c21f5\"},\"description\":\"Por segunda vez, Interact participa en el evento que se lleva a cabo entre los d\u00edas 10, 11 y 12.\",\"inLanguage\":\"es\",\"potentialAction\":[{\"@type\":\"ReadAction\",\"target\":[\"https:\\\/\\\/www.interactsolutions.com\\\/es\\\/interact-marca-presencia-en-el-gramado-summit\\\/\"]}]},{\"@type\":\"ImageObject\",\"inLanguage\":\"es\",\"@id\":\"https:\\\/\\\/www.interactsolutions.com\\\/es\\\/interact-marca-presencia-en-el-gramado-summit\\\/#primaryimage\",\"url\":\"https:\\\/\\\/www.interactsolutions.com\\\/wp-content\\\/uploads\\\/2024\\\/04\\\/capa_noticia-gramado.png\",\"contentUrl\":\"https:\\\/\\\/www.interactsolutions.com\\\/wp-content\\\/uploads\\\/2024\\\/04\\\/capa_noticia-gramado.png\",\"width\":1920,\"height\":1080,\"caption\":\"Gramado Summit\"},{\"@type\":\"WebSite\",\"@id\":\"https:\\\/\\\/www.interactsolutions.com\\\/es\\\/#website\",\"url\":\"https:\\\/\\\/www.interactsolutions.com\\\/es\\\/\",\"name\":\"Interact Solutions\",\"description\":\"\",\"potentialAction\":[{\"@type\":\"SearchAction\",\"target\":{\"@type\":\"EntryPoint\",\"urlTemplate\":\"https:\\\/\\\/www.interactsolutions.com\\\/es\\\/?s={search_term_string}\"},\"query-input\":{\"@type\":\"PropertyValueSpecification\",\"valueRequired\":true,\"valueName\":\"search_term_string\"}}],\"inLanguage\":\"es\"},{\"@type\":\"Person\",\"@id\":\"https:\\\/\\\/www.interactsolutions.com\\\/es\\\/#\\\/schema\\\/person\\\/68a2f4ee4f57a8ccb8862de4c85c21f5\",\"name\":\"conteudo_2\"}]}<\/script>\n<!-- \/ Yoast SEO plugin. -->","yoast_head_json":{"title":"Interact marca presencia en el Gramado Summit","description":"Por segunda vez, Interact participa en el evento que se lleva a cabo entre los d\u00edas 10, 11 y 12.","robots":{"index":"index","follow":"follow","max-snippet":"max-snippet:-1","max-image-preview":"max-image-preview:large","max-video-preview":"max-video-preview:-1"},"canonical":"https:\/\/www.interactsolutions.com\/es\/interact-marca-presencia-en-el-gramado-summit\/","og_locale":"es_ES","og_type":"article","og_title":"Interact marca presencia en el Gramado Summit","og_description":"Por segunda vez, Interact participa en el evento que se lleva a cabo entre los d\u00edas 10, 11 y 12.","og_url":"https:\/\/www.interactsolutions.com\/es\/interact-marca-presencia-en-el-gramado-summit\/","og_site_name":"Interact Solutions","article_published_time":"2024-04-09T18:24:33+00:00","article_modified_time":"2024-04-09T18:25:24+00:00","og_image":[{"url":"https:\/\/www.interactsolutions.com\/wp-content\/uploads\/2024\/04\/capa_noticia-gramado.png","width":1920,"height":1080,"type":"image\/png"}],"author":"conteudo_2","twitter_card":"summary_large_image","twitter_misc":{"Escrito por":"conteudo_2","Tiempo de lectura":"1 minuto"},"schema":{"@context":"https:\/\/schema.org","@graph":[{"@type":"Article","@id":"https:\/\/www.interactsolutions.com\/es\/interact-marca-presencia-en-el-gramado-summit\/#article","isPartOf":{"@id":"https:\/\/www.interactsolutions.com\/es\/interact-marca-presencia-en-el-gramado-summit\/"},"author":{"name":"conteudo_2","@id":"https:\/\/www.interactsolutions.com\/es\/#\/schema\/person\/68a2f4ee4f57a8ccb8862de4c85c21f5"},"headline":"Interact marca presencia en el Gramado Summit","datePublished":"2024-04-09T18:24:33+00:00","dateModified":"2024-04-09T18:25:24+00:00","mainEntityOfPage":{"@id":"https:\/\/www.interactsolutions.com\/es\/interact-marca-presencia-en-el-gramado-summit\/"},"wordCount":149,"image":{"@id":"https:\/\/www.interactsolutions.com\/es\/interact-marca-presencia-en-el-gramado-summit\/#primaryimage"},"thumbnailUrl":"https:\/\/www.interactsolutions.com\/wp-content\/uploads\/2024\/04\/capa_noticia-gramado.png","articleSection":["Sin categorizar"],"inLanguage":"es"},{"@type":"WebPage","@id":"https:\/\/www.interactsolutions.com\/es\/interact-marca-presencia-en-el-gramado-summit\/","url":"https:\/\/www.interactsolutions.com\/es\/interact-marca-presencia-en-el-gramado-summit\/","name":"Interact marca presencia en el Gramado Summit","isPartOf":{"@id":"https:\/\/www.interactsolutions.com\/es\/#website"},"primaryImageOfPage":{"@id":"https:\/\/www.interactsolutions.com\/es\/interact-marca-presencia-en-el-gramado-summit\/#primaryimage"},"image":{"@id":"https:\/\/www.interactsolutions.com\/es\/interact-marca-presencia-en-el-gramado-summit\/#primaryimage"},"thumbnailUrl":"https:\/\/www.interactsolutions.com\/wp-content\/uploads\/2024\/04\/capa_noticia-gramado.png","datePublished":"2024-04-09T18:24:33+00:00","dateModified":"2024-04-09T18:25:24+00:00","author":{"@id":"https:\/\/www.interactsolutions.com\/es\/#\/schema\/person\/68a2f4ee4f57a8ccb8862de4c85c21f5"},"description":"Por segunda vez, Interact participa en el evento que se lleva a cabo entre los d\u00edas 10, 11 y 12.","inLanguage":"es","potentialAction":[{"@type":"ReadAction","target":["https:\/\/www.interactsolutions.com\/es\/interact-marca-presencia-en-el-gramado-summit\/"]}]},{"@type":"ImageObject","inLanguage":"es","@id":"https:\/\/www.interactsolutions.com\/es\/interact-marca-presencia-en-el-gramado-summit\/#primaryimage","url":"https:\/\/www.interactsolutions.com\/wp-content\/uploads\/2024\/04\/capa_noticia-gramado.png","contentUrl":"https:\/\/www.interactsolutions.com\/wp-content\/uploads\/2024\/04\/capa_noticia-gramado.png","width":1920,"height":1080,"caption":"Gramado Summit"},{"@type":"WebSite","@id":"https:\/\/www.interactsolutions.com\/es\/#website","url":"https:\/\/www.interactsolutions.com\/es\/","name":"Interact Solutions","description":"","potentialAction":[{"@type":"SearchAction","target":{"@type":"EntryPoint","urlTemplate":"https:\/\/www.interactsolutions.com\/es\/?s={search_term_string}"},"query-input":{"@type":"PropertyValueSpecification","valueRequired":true,"valueName":"search_term_string"}}],"inLanguage":"es"},{"@type":"Person","@id":"https:\/\/www.interactsolutions.com\/es\/#\/schema\/person\/68a2f4ee4f57a8ccb8862de4c85c21f5","name":"conteudo_2"}]}},"_links":{"self":[{"href":"https:\/\/www.interactsolutions.com\/es\/wp-json\/wp\/v2\/posts\/10266","targetHints":{"allow":["GET"]}}],"collection":[{"href":"https:\/\/www.interactsolutions.com\/es\/wp-json\/wp\/v2\/posts"}],"about":[{"href":"https:\/\/www.interactsolutions.com\/es\/wp-json\/wp\/v2\/types\/post"}],"author":[{"embeddable":true,"href":"https:\/\/www.interactsolutions.com\/es\/wp-json\/wp\/v2\/users\/3"}],"replies":[{"embeddable":true,"href":"https:\/\/www.interactsolutions.com\/es\/wp-json\/wp\/v2\/comments?post=10266"}],"version-history":[{"count":1,"href":"https:\/\/www.interactsolutions.com\/es\/wp-json\/wp\/v2\/posts\/10266\/revisions"}],"predecessor-version":[{"id":10267,"href":"https:\/\/www.interactsolutions.com\/es\/wp-json\/wp\/v2\/posts\/10266\/revisions\/10267"}],"wp:featuredmedia":[{"embeddable":true,"href":"https:\/\/www.interactsolutions.com\/es\/wp-json\/wp\/v2\/media\/10264"}],"wp:attachment":[{"href":"https:\/\/www.interactsolutions.com\/es\/wp-json\/wp\/v2\/media?parent=10266"}],"wp:term":[{"taxonomy":"category","embeddable":true,"href":"https:\/\/www.interactsolutions.com\/es\/wp-json\/wp\/v2\/categories?post=10266"}],"curies":[{"name":"wp","href":"https:\/\/api.w.org\/{rel}","templated":true}]}}