{"id":11286,"date":"2024-07-18T13:55:25","date_gmt":"2024-07-18T16:55:25","guid":{"rendered":"https:\/\/www.interactsolutions.com\/?p=11286"},"modified":"2026-01-27T14:21:19","modified_gmt":"2026-01-27T17:21:19","slug":"gestion-de-proyectos-integrada-a-la-gestion-por-procesos","status":"publish","type":"post","link":"https:\/\/www.interactsolutions.com\/es\/gestion-de-proyectos-integrada-a-la-gestion-por-procesos\/","title":{"rendered":"Gesti\u00f3n de Proyectos integrada a la Gesti\u00f3n por Procesos"},"content":{"rendered":"<p>Las \u00e1reas de <strong>Gesti\u00f3n por Procesos y Gesti\u00f3n de Proyectos<\/strong> tienen mucho m\u00e1s en com\u00fan que la palabra \u00abGesti\u00f3n\u00bb y, cuando se utilizan de forma integrada en las organizaciones, proporcionan innumerables beneficios.<\/p>\n<p>La Gesti\u00f3n por Procesos es un conjunto de pr\u00e1cticas cuyo objetivo principal es <strong>buscar el perfeccionamiento continuo de los procesos<\/strong> organizacionales de una empresa. Por otro lado, la Gesti\u00f3n de Proyectos es el conjunto de metodolog\u00edas, herramientas y conocimientos para <strong>garantizar que se alcancen los resultados<\/strong>.<\/p>\n<h2><strong>\u00bfProcesos o Proyectos?<\/strong><\/h2>\n<p>Para que podamos entender c\u00f3mo funcionan bien juntos, es necesario identificar sus diferencias.<\/p>\n<p><img loading=\"lazy\" decoding=\"async\" class=\"size-full wp-image-11287 aligncenter\" src=\"http:\/\/www.interactsolutions.com\/wp-content\/uploads\/2024\/07\/Site_Artigo_BPM-e-Projetos_Tabela-ES.png\" alt=\"\" width=\"920\" height=\"341\" srcset=\"https:\/\/www.interactsolutions.com\/wp-content\/uploads\/2024\/07\/Site_Artigo_BPM-e-Projetos_Tabela-ES.png 920w, https:\/\/www.interactsolutions.com\/wp-content\/uploads\/2024\/07\/Site_Artigo_BPM-e-Projetos_Tabela-ES-600x222.png 600w, https:\/\/www.interactsolutions.com\/wp-content\/uploads\/2024\/07\/Site_Artigo_BPM-e-Projetos_Tabela-ES-150x56.png 150w\" sizes=\"auto, (max-width: 920px) 100vw, 920px\" \/><\/p>\n<p>&nbsp;<\/p>\n<p><strong>\u00bfY qu\u00e9 tienen en com\u00fan ambos?<\/strong><\/p>\n<p>A pesar de que una est\u00e1 basada en los procesos y la otra en proyectos, ambas tienen como <strong>objetivo la generaci\u00f3n de valor<\/strong> para el negocio.<\/p>\n<p>Debido a la creciente digitalizaci\u00f3n e innovaciones propuestas por las empresas, los ciclos de mejoras continuas de productos y servicios son cada vez m\u00e1s frecuentes, para que puedan satisfacer las nuevas necesidades del mercado.<\/p>\n<p>Es aqu\u00ed donde la <a href=\"https:\/\/www.interactsolutions.com\/es\/solucion\/gestao-de-projetos\/\" target=\"_blank\" rel=\"noopener\">Gesti\u00f3n de Proyectos<\/a> se convierte en una importante aliada, proporcionando un entorno y estructuras con recursos para <strong>implementar los cambios necesarios<\/strong>, se\u00f1alados por la <a href=\"https:\/\/www.interactsolutions.com\/es\/solucion\/gestao-por-processos\/\" target=\"_blank\" rel=\"noopener\">Gesti\u00f3n por Procesos<\/a>.<\/p>\n<p>La combinaci\u00f3n de lo mejor de ambas permite la <strong>implementaci\u00f3n de mejoras<\/strong> de forma m\u00e1s <strong>eficiente<\/strong>, proporcionando un monitoreo adecuado y, en consecuencia, la <strong>realizaci\u00f3n de los objetivos estrat\u00e9gicos<\/strong> de la empresa.<\/p>\n<p>Por otro lado, procesos bien dise\u00f1ados y definidos proporcionan una <strong>base s\u00f3lida<\/strong> para la ejecuci\u00f3n de proyectos, especialmente los proyectos relacionados con la innovaci\u00f3n.<\/p>\n<h2><strong>\u00bfPor qu\u00e9 hacer esta gesti\u00f3n integrada?<\/strong><\/h2>\n<p>La actuaci\u00f3n conjunta de las dos \u00e1reas genera una mayor<strong> sinergia<\/strong> entre todas las \u00e1reas de la organizaci\u00f3n, adem\u00e1s de aumentar la <strong>transparencia<\/strong> sobre el progreso de los proyectos y cu\u00e1les ser\u00e1n sus impactos en los procesos de la empresa.<\/p>\n<p>Otro punto positivo generado a partir de esta integraci\u00f3n <strong>son los procesos alineados con los objetivos<\/strong> estrat\u00e9gicos de la organizaci\u00f3n, reflejados en los proyectos.<\/p>\n<p>Tambi\u00e9n se percibi\u00f3 una mayor sinergia entre los objetivos estrat\u00e9gicos de la organizaci\u00f3n y sus procesos diarios, garantizando que todas las \u00e1reas trabajen en sinton\u00eda.<\/p>\n<p>Proporciona a las empresas m\u00e1s <strong>agilidad en la adaptaci\u00f3n<\/strong> a los cambios del mercado, as\u00ed como en las demandas de los clientes. Y, hablando de clientes, los procesos y proyectos avanzando juntos permiten ofrecer un servicio m\u00e1s <strong>\u00e1gil y personalizado<\/strong>, impactando directamente en su <strong>satisfacci\u00f3n<\/strong>.<\/p>\n<p>Por \u00faltimo, la mejora continua, resultado de esta integraci\u00f3n, permite a las empresas ejecutar sus actividades de forma m\u00e1s <strong>eficiente<\/strong>, reduciendo el desperdicio tanto de tiempo como de recursos.<\/p>\n<h2><strong>Oficina 3P\u2019s<\/strong><\/h2>\n<p>Pensando en esta integraci\u00f3n, Interact a\u00f1adi\u00f3 la <strong>planificaci\u00f3n<\/strong> a los <strong>procesos y proyectos<\/strong> y ofrece la soluci\u00f3n <a href=\"https:\/\/www.interactsolutions.com\/es\/solucion\/escritorio-3ps\/\" target=\"_blank\" rel=\"noopener\">Oficina 3P\u2019s<\/a>, que contiene herramientas capaces de automatizar estas tres oficinas para viabilizar el <strong>alineamiento de la estrategia y la operaci\u00f3n de las organizaciones<\/strong>.<\/p>\n<p>En esta soluci\u00f3n encuentras los m\u00f3dulos <a href=\"https:\/\/www.interactsolutions.com\/es\/modulos\/sa-governance-manager\/\" target=\"_blank\" rel=\"noopener\">SA Governance Manager<\/a>, <a href=\"https:\/\/www.interactsolutions.com\/es\/modulos\/sa-process-manager\/\" target=\"_blank\" rel=\"noopener\">SA Process Manager<\/a> y <a href=\"https:\/\/www.interactsolutions.com\/es\/modulos\/sa-project-manager\/\" target=\"_blank\" rel=\"noopener\">SA Project Manager<\/a>, integrando las tres \u00e1reas en un \u00fanico software con f\u00e1cil <strong>integraci\u00f3n<\/strong> con sistemas de ERP, CRM y BI.<\/p>\n<p>Adem\u00e1s, est\u00e1 en plena conformidad con las principales directrices de las \u00e1reas como, por ejemplo, <strong>BPM CBOK, PMBOK, GPD y BSC<\/strong>.<\/p>\n<p>Visita nuestro <a href=\"https:\/\/www.interactsolutions.com\/es\/solucion\/escritorio-3ps\/\" target=\"_blank\" rel=\"noopener\">sitio web<\/a> y conoce m\u00e1s.<\/p>\n<p>&nbsp;<\/p>\n<p>Autora:<\/p>\n<p><strong><img loading=\"lazy\" decoding=\"async\" class=\"size-full wp-image-15320 alignleft\" src=\"http:\/\/www.interactsolutions.com\/wp-content\/uploads\/2024\/01\/bianca-wermann.png\" alt=\"\" width=\"151\" height=\"151\" \/><\/strong><\/p>\n<p>&nbsp;<\/p>\n<p>&nbsp;<\/p>\n<p><strong>Bianca Wermann<\/strong><\/p>\n<p>Periodista, Analista de Comunicaci\u00f3n y Marketing de Interact Solutions.<\/p>\n<p>&nbsp;<\/p>\n","protected":false},"excerpt":{"rendered":"<p>Las \u00e1reas de Gesti\u00f3n por Procesos y Gesti\u00f3n de Proyectos tienen mucho m\u00e1s en com\u00fan que la palabra \u00abGesti\u00f3n\u00bb y, cuando se utilizan de forma integrada en las organizaciones, proporcionan innumerables beneficios. La Gesti\u00f3n por Procesos es un conjunto de\u2026<\/p>\n","protected":false},"author":3,"featured_media":11284,"comment_status":"closed","ping_status":"closed","sticky":false,"template":"","format":"standard","meta":{"_acf_changed":false,"inline_featured_image":false,"footnotes":""},"categories":[2],"class_list":["post-11286","post","type-post","status-publish","format-standard","has-post-thumbnail","hentry","category-sin-categorizar","tipo-post-artigos-es"],"acf":[],"yoast_head":"<!-- This site is optimized with the Yoast SEO plugin v27.5 - https:\/\/yoast.com\/product\/yoast-seo-wordpress\/ -->\n<title>Gesti\u00f3n de Proyectos integrada a la Gesti\u00f3n por Procesos - Interact Solutions<\/title>\n<meta name=\"description\" content=\"A pesar de que una est\u00e1 basada en los procesos y la otra en proyectos, ambas tienen como objetivo la generaci\u00f3n de valor para el negocio.\" \/>\n<meta name=\"robots\" content=\"index, follow, max-snippet:-1, max-image-preview:large, max-video-preview:-1\" \/>\n<link rel=\"canonical\" href=\"https:\/\/www.interactsolutions.com\/es\/gestion-de-proyectos-integrada-a-la-gestion-por-procesos\/\" \/>\n<meta property=\"og:locale\" content=\"es_ES\" \/>\n<meta property=\"og:type\" content=\"article\" \/>\n<meta property=\"og:title\" content=\"Gesti\u00f3n de Proyectos integrada a la Gesti\u00f3n por Procesos - Interact Solutions\" \/>\n<meta property=\"og:description\" content=\"A pesar de que una est\u00e1 basada en los procesos y la otra en proyectos, ambas tienen como objetivo la generaci\u00f3n de valor para el negocio.\" \/>\n<meta property=\"og:url\" content=\"https:\/\/www.interactsolutions.com\/es\/gestion-de-proyectos-integrada-a-la-gestion-por-procesos\/\" \/>\n<meta property=\"og:site_name\" content=\"Interact Solutions\" \/>\n<meta property=\"article:published_time\" content=\"2024-07-18T16:55:25+00:00\" \/>\n<meta property=\"article:modified_time\" content=\"2026-01-27T17:21:19+00:00\" \/>\n<meta property=\"og:image\" content=\"https:\/\/www.interactsolutions.com\/wp-content\/uploads\/2024\/07\/Site_Artigo_BPM-e-Projetos_Capa.png\" \/>\n\t<meta property=\"og:image:width\" content=\"1920\" \/>\n\t<meta property=\"og:image:height\" content=\"1080\" \/>\n\t<meta property=\"og:image:type\" content=\"image\/png\" \/>\n<meta name=\"author\" content=\"conteudo_2\" \/>\n<meta name=\"twitter:card\" content=\"summary_large_image\" \/>\n<meta name=\"twitter:label1\" content=\"Escrito por\" \/>\n\t<meta name=\"twitter:data1\" content=\"conteudo_2\" \/>\n\t<meta name=\"twitter:label2\" content=\"Tiempo de lectura\" \/>\n\t<meta name=\"twitter:data2\" content=\"4 minutos\" \/>\n<script type=\"application\/ld+json\" class=\"yoast-schema-graph\">{\"@context\":\"https:\\\/\\\/schema.org\",\"@graph\":[{\"@type\":\"Article\",\"@id\":\"https:\\\/\\\/www.interactsolutions.com\\\/es\\\/gestion-de-proyectos-integrada-a-la-gestion-por-procesos\\\/#article\",\"isPartOf\":{\"@id\":\"https:\\\/\\\/www.interactsolutions.com\\\/es\\\/gestion-de-proyectos-integrada-a-la-gestion-por-procesos\\\/\"},\"author\":{\"name\":\"conteudo_2\",\"@id\":\"https:\\\/\\\/www.interactsolutions.com\\\/es\\\/#\\\/schema\\\/person\\\/68a2f4ee4f57a8ccb8862de4c85c21f5\"},\"headline\":\"Gesti\u00f3n de Proyectos integrada a la Gesti\u00f3n por Procesos\",\"datePublished\":\"2024-07-18T16:55:25+00:00\",\"dateModified\":\"2026-01-27T17:21:19+00:00\",\"mainEntityOfPage\":{\"@id\":\"https:\\\/\\\/www.interactsolutions.com\\\/es\\\/gestion-de-proyectos-integrada-a-la-gestion-por-procesos\\\/\"},\"wordCount\":608,\"image\":{\"@id\":\"https:\\\/\\\/www.interactsolutions.com\\\/es\\\/gestion-de-proyectos-integrada-a-la-gestion-por-procesos\\\/#primaryimage\"},\"thumbnailUrl\":\"https:\\\/\\\/www.interactsolutions.com\\\/wp-content\\\/uploads\\\/2024\\\/07\\\/Site_Artigo_BPM-e-Projetos_Capa.png\",\"articleSection\":[\"Sin categorizar\"],\"inLanguage\":\"es\"},{\"@type\":\"WebPage\",\"@id\":\"https:\\\/\\\/www.interactsolutions.com\\\/es\\\/gestion-de-proyectos-integrada-a-la-gestion-por-procesos\\\/\",\"url\":\"https:\\\/\\\/www.interactsolutions.com\\\/es\\\/gestion-de-proyectos-integrada-a-la-gestion-por-procesos\\\/\",\"name\":\"Gesti\u00f3n de Proyectos integrada a la Gesti\u00f3n por Procesos - Interact Solutions\",\"isPartOf\":{\"@id\":\"https:\\\/\\\/www.interactsolutions.com\\\/es\\\/#website\"},\"primaryImageOfPage\":{\"@id\":\"https:\\\/\\\/www.interactsolutions.com\\\/es\\\/gestion-de-proyectos-integrada-a-la-gestion-por-procesos\\\/#primaryimage\"},\"image\":{\"@id\":\"https:\\\/\\\/www.interactsolutions.com\\\/es\\\/gestion-de-proyectos-integrada-a-la-gestion-por-procesos\\\/#primaryimage\"},\"thumbnailUrl\":\"https:\\\/\\\/www.interactsolutions.com\\\/wp-content\\\/uploads\\\/2024\\\/07\\\/Site_Artigo_BPM-e-Projetos_Capa.png\",\"datePublished\":\"2024-07-18T16:55:25+00:00\",\"dateModified\":\"2026-01-27T17:21:19+00:00\",\"author\":{\"@id\":\"https:\\\/\\\/www.interactsolutions.com\\\/es\\\/#\\\/schema\\\/person\\\/68a2f4ee4f57a8ccb8862de4c85c21f5\"},\"description\":\"A pesar de que una est\u00e1 basada en los procesos y la otra en proyectos, ambas tienen como objetivo la generaci\u00f3n de valor para el negocio.\",\"inLanguage\":\"es\",\"potentialAction\":[{\"@type\":\"ReadAction\",\"target\":[\"https:\\\/\\\/www.interactsolutions.com\\\/es\\\/gestion-de-proyectos-integrada-a-la-gestion-por-procesos\\\/\"]}]},{\"@type\":\"ImageObject\",\"inLanguage\":\"es\",\"@id\":\"https:\\\/\\\/www.interactsolutions.com\\\/es\\\/gestion-de-proyectos-integrada-a-la-gestion-por-procesos\\\/#primaryimage\",\"url\":\"https:\\\/\\\/www.interactsolutions.com\\\/wp-content\\\/uploads\\\/2024\\\/07\\\/Site_Artigo_BPM-e-Projetos_Capa.png\",\"contentUrl\":\"https:\\\/\\\/www.interactsolutions.com\\\/wp-content\\\/uploads\\\/2024\\\/07\\\/Site_Artigo_BPM-e-Projetos_Capa.png\",\"width\":1920,\"height\":1080,\"caption\":\"Gest\u00e3o de Projetos Integrada \u00e0 Gest\u00e3o por Processos\"},{\"@type\":\"WebSite\",\"@id\":\"https:\\\/\\\/www.interactsolutions.com\\\/es\\\/#website\",\"url\":\"https:\\\/\\\/www.interactsolutions.com\\\/es\\\/\",\"name\":\"Interact Solutions\",\"description\":\"\",\"potentialAction\":[{\"@type\":\"SearchAction\",\"target\":{\"@type\":\"EntryPoint\",\"urlTemplate\":\"https:\\\/\\\/www.interactsolutions.com\\\/es\\\/?s={search_term_string}\"},\"query-input\":{\"@type\":\"PropertyValueSpecification\",\"valueRequired\":true,\"valueName\":\"search_term_string\"}}],\"inLanguage\":\"es\"},{\"@type\":\"Person\",\"@id\":\"https:\\\/\\\/www.interactsolutions.com\\\/es\\\/#\\\/schema\\\/person\\\/68a2f4ee4f57a8ccb8862de4c85c21f5\",\"name\":\"conteudo_2\"}]}<\/script>\n<!-- \/ Yoast SEO plugin. -->","yoast_head_json":{"title":"Gesti\u00f3n de Proyectos integrada a la Gesti\u00f3n por Procesos - Interact Solutions","description":"A pesar de que una est\u00e1 basada en los procesos y la otra en proyectos, ambas tienen como objetivo la generaci\u00f3n de valor para el negocio.","robots":{"index":"index","follow":"follow","max-snippet":"max-snippet:-1","max-image-preview":"max-image-preview:large","max-video-preview":"max-video-preview:-1"},"canonical":"https:\/\/www.interactsolutions.com\/es\/gestion-de-proyectos-integrada-a-la-gestion-por-procesos\/","og_locale":"es_ES","og_type":"article","og_title":"Gesti\u00f3n de Proyectos integrada a la Gesti\u00f3n por Procesos - Interact Solutions","og_description":"A pesar de que una est\u00e1 basada en los procesos y la otra en proyectos, ambas tienen como objetivo la generaci\u00f3n de valor para el negocio.","og_url":"https:\/\/www.interactsolutions.com\/es\/gestion-de-proyectos-integrada-a-la-gestion-por-procesos\/","og_site_name":"Interact Solutions","article_published_time":"2024-07-18T16:55:25+00:00","article_modified_time":"2026-01-27T17:21:19+00:00","og_image":[{"width":1920,"height":1080,"url":"https:\/\/www.interactsolutions.com\/wp-content\/uploads\/2024\/07\/Site_Artigo_BPM-e-Projetos_Capa.png","type":"image\/png"}],"author":"conteudo_2","twitter_card":"summary_large_image","twitter_misc":{"Escrito por":"conteudo_2","Tiempo de lectura":"4 minutos"},"schema":{"@context":"https:\/\/schema.org","@graph":[{"@type":"Article","@id":"https:\/\/www.interactsolutions.com\/es\/gestion-de-proyectos-integrada-a-la-gestion-por-procesos\/#article","isPartOf":{"@id":"https:\/\/www.interactsolutions.com\/es\/gestion-de-proyectos-integrada-a-la-gestion-por-procesos\/"},"author":{"name":"conteudo_2","@id":"https:\/\/www.interactsolutions.com\/es\/#\/schema\/person\/68a2f4ee4f57a8ccb8862de4c85c21f5"},"headline":"Gesti\u00f3n de Proyectos integrada a la Gesti\u00f3n por Procesos","datePublished":"2024-07-18T16:55:25+00:00","dateModified":"2026-01-27T17:21:19+00:00","mainEntityOfPage":{"@id":"https:\/\/www.interactsolutions.com\/es\/gestion-de-proyectos-integrada-a-la-gestion-por-procesos\/"},"wordCount":608,"image":{"@id":"https:\/\/www.interactsolutions.com\/es\/gestion-de-proyectos-integrada-a-la-gestion-por-procesos\/#primaryimage"},"thumbnailUrl":"https:\/\/www.interactsolutions.com\/wp-content\/uploads\/2024\/07\/Site_Artigo_BPM-e-Projetos_Capa.png","articleSection":["Sin categorizar"],"inLanguage":"es"},{"@type":"WebPage","@id":"https:\/\/www.interactsolutions.com\/es\/gestion-de-proyectos-integrada-a-la-gestion-por-procesos\/","url":"https:\/\/www.interactsolutions.com\/es\/gestion-de-proyectos-integrada-a-la-gestion-por-procesos\/","name":"Gesti\u00f3n de Proyectos integrada a la Gesti\u00f3n por Procesos - Interact Solutions","isPartOf":{"@id":"https:\/\/www.interactsolutions.com\/es\/#website"},"primaryImageOfPage":{"@id":"https:\/\/www.interactsolutions.com\/es\/gestion-de-proyectos-integrada-a-la-gestion-por-procesos\/#primaryimage"},"image":{"@id":"https:\/\/www.interactsolutions.com\/es\/gestion-de-proyectos-integrada-a-la-gestion-por-procesos\/#primaryimage"},"thumbnailUrl":"https:\/\/www.interactsolutions.com\/wp-content\/uploads\/2024\/07\/Site_Artigo_BPM-e-Projetos_Capa.png","datePublished":"2024-07-18T16:55:25+00:00","dateModified":"2026-01-27T17:21:19+00:00","author":{"@id":"https:\/\/www.interactsolutions.com\/es\/#\/schema\/person\/68a2f4ee4f57a8ccb8862de4c85c21f5"},"description":"A pesar de que una est\u00e1 basada en los procesos y la otra en proyectos, ambas tienen como objetivo la generaci\u00f3n de valor para el negocio.","inLanguage":"es","potentialAction":[{"@type":"ReadAction","target":["https:\/\/www.interactsolutions.com\/es\/gestion-de-proyectos-integrada-a-la-gestion-por-procesos\/"]}]},{"@type":"ImageObject","inLanguage":"es","@id":"https:\/\/www.interactsolutions.com\/es\/gestion-de-proyectos-integrada-a-la-gestion-por-procesos\/#primaryimage","url":"https:\/\/www.interactsolutions.com\/wp-content\/uploads\/2024\/07\/Site_Artigo_BPM-e-Projetos_Capa.png","contentUrl":"https:\/\/www.interactsolutions.com\/wp-content\/uploads\/2024\/07\/Site_Artigo_BPM-e-Projetos_Capa.png","width":1920,"height":1080,"caption":"Gest\u00e3o de Projetos Integrada \u00e0 Gest\u00e3o por Processos"},{"@type":"WebSite","@id":"https:\/\/www.interactsolutions.com\/es\/#website","url":"https:\/\/www.interactsolutions.com\/es\/","name":"Interact Solutions","description":"","potentialAction":[{"@type":"SearchAction","target":{"@type":"EntryPoint","urlTemplate":"https:\/\/www.interactsolutions.com\/es\/?s={search_term_string}"},"query-input":{"@type":"PropertyValueSpecification","valueRequired":true,"valueName":"search_term_string"}}],"inLanguage":"es"},{"@type":"Person","@id":"https:\/\/www.interactsolutions.com\/es\/#\/schema\/person\/68a2f4ee4f57a8ccb8862de4c85c21f5","name":"conteudo_2"}]}},"_links":{"self":[{"href":"https:\/\/www.interactsolutions.com\/es\/wp-json\/wp\/v2\/posts\/11286","targetHints":{"allow":["GET"]}}],"collection":[{"href":"https:\/\/www.interactsolutions.com\/es\/wp-json\/wp\/v2\/posts"}],"about":[{"href":"https:\/\/www.interactsolutions.com\/es\/wp-json\/wp\/v2\/types\/post"}],"author":[{"embeddable":true,"href":"https:\/\/www.interactsolutions.com\/es\/wp-json\/wp\/v2\/users\/3"}],"replies":[{"embeddable":true,"href":"https:\/\/www.interactsolutions.com\/es\/wp-json\/wp\/v2\/comments?post=11286"}],"version-history":[{"count":2,"href":"https:\/\/www.interactsolutions.com\/es\/wp-json\/wp\/v2\/posts\/11286\/revisions"}],"predecessor-version":[{"id":16071,"href":"https:\/\/www.interactsolutions.com\/es\/wp-json\/wp\/v2\/posts\/11286\/revisions\/16071"}],"wp:featuredmedia":[{"embeddable":true,"href":"https:\/\/www.interactsolutions.com\/es\/wp-json\/wp\/v2\/media\/11284"}],"wp:attachment":[{"href":"https:\/\/www.interactsolutions.com\/es\/wp-json\/wp\/v2\/media?parent=11286"}],"wp:term":[{"taxonomy":"category","embeddable":true,"href":"https:\/\/www.interactsolutions.com\/es\/wp-json\/wp\/v2\/categories?post=11286"}],"curies":[{"name":"wp","href":"https:\/\/api.w.org\/{rel}","templated":true}]}}