{"id":11831,"date":"2024-10-21T08:50:28","date_gmt":"2024-10-21T11:50:28","guid":{"rendered":"https:\/\/www.interactsolutions.com\/?p=11831"},"modified":"2024-10-21T08:58:41","modified_gmt":"2024-10-21T11:58:41","slug":"webinar-bpm-en-la-era-de-la-centralidad-en-experiencias-con-gart-capote-reunio-a-mas-de-400-inscritos","status":"publish","type":"post","link":"https:\/\/www.interactsolutions.com\/es\/webinar-bpm-en-la-era-de-la-centralidad-en-experiencias-con-gart-capote-reunio-a-mas-de-400-inscritos\/","title":{"rendered":"Webinar BPM en la Era de la Centralidad en Experiencias con Gart Capote reuni\u00f3 a m\u00e1s de 400 inscritos"},"content":{"rendered":"<p>En la tarde del 17\/10, se llev\u00f3 a cabo el Webinar <strong>BPM en la Era de la Centralidad en Experiencias con Gart Capote<\/strong>, en el canal de <a href=\"https:\/\/www.youtube.com\/@interactsolutions\" target=\"_blank\" rel=\"noopener\">YouTube<\/a> de Interact Solutions. El Webinar reuni\u00f3 a m\u00e1s de 400 inscritos y tambi\u00e9n cont\u00f3 con la participaci\u00f3n de <a href=\"https:\/\/www.linkedin.com\/in\/fernandoestradahora\/\" target=\"_blank\" rel=\"noopener\">Fernando Estrada<\/a>, Director de <a href=\"https:\/\/www.linkedin.com\/company\/14053024\/admin\/dashboard\/\" target=\"_blank\" rel=\"noopener\">Interact Latam<\/a>.<\/p>\n<p>El evento en l\u00ednea y gratuito abord\u00f3 la importancia de observar el \u00e1rea de procesos tambi\u00e9n <strong>desde la perspectiva de la experiencia de los clientes<\/strong>.<\/p>\n<p>Con el paso de los a\u00f1os, muchas cosas han cambiado, como la aparici\u00f3n del BPM y tambi\u00e9n del <strong>Jornada del Cliente<\/strong>, por ejemplo, que impactaron en cambios en el comportamiento del p\u00fablico objetivo de las empresas. Esto hizo que estos dos conceptos se acercaran a\u00fan m\u00e1s, al punto de que los profesionales del \u00e1rea de procesos necesitaran profundizarse para mapear, optimizar y automatizar procesos de manera eficiente desde la perspectiva del cliente.<\/p>\n<p>El tema tambi\u00e9n es parte del nuevo libro de <a href=\"https:\/\/www.gartcapote.com\/\" target=\"_blank\" rel=\"noopener\">Gart Capote<\/a>, BPMX. M\u00e1s que una simple tem\u00e1tica, se trata de una nueva etapa para profesionales, pr\u00e1cticas, tecnolog\u00edas y organizaciones que comprenden que es necesario <strong>adaptarse a los cambios para vivir en esta nueva era<\/strong>, llena de diferentes tecnolog\u00edas y cada vez m\u00e1s sensible a las percepciones humanas y la forma en que se desarrollan las relaciones sociales.<\/p>\n<p>\u201cCon BPMX, el BPM dejar\u00e1 de ser el trabajo del \u2018personal que modela cajitas\u2019. El nuevo analista de procesos y experiencias participar\u00e1 en nuevos y m\u00e1s amplios temas organizacionales\u201d, afirma Gart.<\/p>\n<h2>Interact y Gart Capote<\/h2>\n<p>La asociaci\u00f3n entre Interact y Gart Capote comenz\u00f3 en <a href=\"https:\/\/www.interactsolutions.com\/es\/gart-capote-es-embajador-de-la-marca-interact\/\" target=\"_blank\" rel=\"noopener\">diciembre de 2023<\/a>, convirti\u00e9ndolo en el <strong>Embajador Oficial de Interact en el Mundo<\/strong>.<\/p>\n<p>Esta asociaci\u00f3n marc\u00f3 una nueva era en el camino de Interact en su b\u00fasqueda constante por <strong>ampliar conocimientos<\/strong> y ofrecer al mercado cada vez <strong>m\u00e1s informaci\u00f3n y tecnolog\u00eda<\/strong>. Desde entonces, se han realizado muchos proyectos, eventos y webinars para difundir el conocimiento tanto de la metodolog\u00eda como de los productos de Interact.<\/p>\n<p>Un ejemplo de esto son las mejoras implementadas a lo largo del a\u00f1o en el <a href=\"https:\/\/www.interactsolutions.com\/es\/interact-flow-esta-disponible-en-la-version-instalable\/\" target=\"_blank\" rel=\"noopener\">Interact Flow<\/a>, que ahora tambi\u00e9n ofrece el mapeo del Jornada del Cliente, de acuerdo con la metodolog\u00eda CCBXD, creada por Gart Capote.<\/p>\n<h2>Interact Flow 4.0<\/h2>\n<p><a href=\"https:\/\/www.interactsolutions.com\/es\/interact-flow\/\" target=\"_blank\" rel=\"noopener\">Interact Flow<\/a>, una herramienta gratuita para la modelizaci\u00f3n de flujos y el an\u00e1lisis de madurez en la Gesti\u00f3n por Procesos, llega a su <strong>versi\u00f3n 4.0 este lunes, 21\/10<\/strong>.<\/p>\n<p>La nueva versi\u00f3n ha sido actualizada con <strong>mejoras en el dise\u00f1o<\/strong> y tambi\u00e9n en la <strong>funcionalidad<\/strong> de mapeo del Jornada del Cliente, creada en asociaci\u00f3n con el Embajador de Interact, Gart Capote.<\/p>\n<p>Entre las nuevas funcionalidades, destacamos el <strong>Kanban<\/strong>, para la <strong>Gesti\u00f3n de Proyectos<\/strong>, y el <strong>Roadmap<\/strong>, para las herramientas de <strong>Gobernanza<\/strong>.<\/p>\n<p>\u00a1<a href=\"https:\/\/flow.interactsolutions.com\/\" target=\"_blank\" rel=\"noopener\">Reg\u00edstrate de forma gratuita<\/a> y comienza tu experiencia con Interact Flow ahora mismo!<\/p>\n","protected":false},"excerpt":{"rendered":"<p>En la tarde del 17\/10, se llev\u00f3 a cabo el Webinar BPM en la Era de la Centralidad en Experiencias con Gart Capote, en el canal de YouTube de Interact Solutions. El Webinar reuni\u00f3 a m\u00e1s de 400 inscritos y\u2026<\/p>\n","protected":false},"author":3,"featured_media":11829,"comment_status":"closed","ping_status":"closed","sticky":false,"template":"","format":"standard","meta":{"_acf_changed":false,"inline_featured_image":false,"footnotes":""},"categories":[2],"class_list":["post-11831","post","type-post","status-publish","format-standard","has-post-thumbnail","hentry","category-sin-categorizar","tipo-post-noticias-es"],"acf":[],"yoast_head":"<!-- This site is optimized with the Yoast SEO plugin v27.5 - https:\/\/yoast.com\/product\/yoast-seo-wordpress\/ -->\n<title>Webinar BPM en la Era de la Centralidad en Experiencias con Gart Capote reuni\u00f3 a m\u00e1s de 400 inscritos - Interact Solutions<\/title>\n<meta name=\"description\" content=\"El evento en l\u00ednea y gratuito cont\u00f3 con m\u00e1s de 400 inscritos y debati\u00f3 sobre la necesidad de observar el BPM desde la perspectiva de la Experiencia.\" \/>\n<meta name=\"robots\" content=\"index, follow, max-snippet:-1, max-image-preview:large, max-video-preview:-1\" \/>\n<link rel=\"canonical\" href=\"https:\/\/www.interactsolutions.com\/es\/webinar-bpm-en-la-era-de-la-centralidad-en-experiencias-con-gart-capote-reunio-a-mas-de-400-inscritos\/\" \/>\n<meta property=\"og:locale\" content=\"es_ES\" \/>\n<meta property=\"og:type\" content=\"article\" \/>\n<meta property=\"og:title\" content=\"Webinar BPM en la Era de la Centralidad en Experiencias con Gart Capote reuni\u00f3 a m\u00e1s de 400 inscritos - Interact Solutions\" \/>\n<meta property=\"og:description\" content=\"El evento en l\u00ednea y gratuito cont\u00f3 con m\u00e1s de 400 inscritos y debati\u00f3 sobre la necesidad de observar el BPM desde la perspectiva de la Experiencia.\" \/>\n<meta property=\"og:url\" content=\"https:\/\/www.interactsolutions.com\/es\/webinar-bpm-en-la-era-de-la-centralidad-en-experiencias-con-gart-capote-reunio-a-mas-de-400-inscritos\/\" \/>\n<meta property=\"og:site_name\" content=\"Interact Solutions\" \/>\n<meta property=\"article:published_time\" content=\"2024-10-21T11:50:28+00:00\" \/>\n<meta property=\"article:modified_time\" content=\"2024-10-21T11:58:41+00:00\" \/>\n<meta property=\"og:image\" content=\"https:\/\/www.interactsolutions.com\/wp-content\/uploads\/2024\/10\/capa_webinar-gart.png\" \/>\n\t<meta property=\"og:image:width\" content=\"1920\" \/>\n\t<meta property=\"og:image:height\" content=\"1080\" \/>\n\t<meta property=\"og:image:type\" content=\"image\/png\" \/>\n<meta name=\"author\" content=\"conteudo_2\" \/>\n<meta name=\"twitter:card\" content=\"summary_large_image\" \/>\n<meta name=\"twitter:label1\" content=\"Escrito por\" \/>\n\t<meta name=\"twitter:data1\" content=\"conteudo_2\" \/>\n\t<meta name=\"twitter:label2\" content=\"Tiempo de lectura\" \/>\n\t<meta name=\"twitter:data2\" content=\"3 minutos\" \/>\n<script type=\"application\/ld+json\" class=\"yoast-schema-graph\">{\"@context\":\"https:\\\/\\\/schema.org\",\"@graph\":[{\"@type\":\"Article\",\"@id\":\"https:\\\/\\\/www.interactsolutions.com\\\/es\\\/webinar-bpm-en-la-era-de-la-centralidad-en-experiencias-con-gart-capote-reunio-a-mas-de-400-inscritos\\\/#article\",\"isPartOf\":{\"@id\":\"https:\\\/\\\/www.interactsolutions.com\\\/es\\\/webinar-bpm-en-la-era-de-la-centralidad-en-experiencias-con-gart-capote-reunio-a-mas-de-400-inscritos\\\/\"},\"author\":{\"name\":\"conteudo_2\",\"@id\":\"https:\\\/\\\/www.interactsolutions.com\\\/es\\\/#\\\/schema\\\/person\\\/68a2f4ee4f57a8ccb8862de4c85c21f5\"},\"headline\":\"Webinar BPM en la Era de la Centralidad en Experiencias con Gart Capote reuni\u00f3 a m\u00e1s de 400 inscritos\",\"datePublished\":\"2024-10-21T11:50:28+00:00\",\"dateModified\":\"2024-10-21T11:58:41+00:00\",\"mainEntityOfPage\":{\"@id\":\"https:\\\/\\\/www.interactsolutions.com\\\/es\\\/webinar-bpm-en-la-era-de-la-centralidad-en-experiencias-con-gart-capote-reunio-a-mas-de-400-inscritos\\\/\"},\"wordCount\":511,\"image\":{\"@id\":\"https:\\\/\\\/www.interactsolutions.com\\\/es\\\/webinar-bpm-en-la-era-de-la-centralidad-en-experiencias-con-gart-capote-reunio-a-mas-de-400-inscritos\\\/#primaryimage\"},\"thumbnailUrl\":\"https:\\\/\\\/www.interactsolutions.com\\\/wp-content\\\/uploads\\\/2024\\\/10\\\/capa_webinar-gart.png\",\"articleSection\":[\"Sin categorizar\"],\"inLanguage\":\"es\"},{\"@type\":\"WebPage\",\"@id\":\"https:\\\/\\\/www.interactsolutions.com\\\/es\\\/webinar-bpm-en-la-era-de-la-centralidad-en-experiencias-con-gart-capote-reunio-a-mas-de-400-inscritos\\\/\",\"url\":\"https:\\\/\\\/www.interactsolutions.com\\\/es\\\/webinar-bpm-en-la-era-de-la-centralidad-en-experiencias-con-gart-capote-reunio-a-mas-de-400-inscritos\\\/\",\"name\":\"Webinar BPM en la Era de la Centralidad en Experiencias con Gart Capote reuni\u00f3 a m\u00e1s de 400 inscritos - Interact Solutions\",\"isPartOf\":{\"@id\":\"https:\\\/\\\/www.interactsolutions.com\\\/es\\\/#website\"},\"primaryImageOfPage\":{\"@id\":\"https:\\\/\\\/www.interactsolutions.com\\\/es\\\/webinar-bpm-en-la-era-de-la-centralidad-en-experiencias-con-gart-capote-reunio-a-mas-de-400-inscritos\\\/#primaryimage\"},\"image\":{\"@id\":\"https:\\\/\\\/www.interactsolutions.com\\\/es\\\/webinar-bpm-en-la-era-de-la-centralidad-en-experiencias-con-gart-capote-reunio-a-mas-de-400-inscritos\\\/#primaryimage\"},\"thumbnailUrl\":\"https:\\\/\\\/www.interactsolutions.com\\\/wp-content\\\/uploads\\\/2024\\\/10\\\/capa_webinar-gart.png\",\"datePublished\":\"2024-10-21T11:50:28+00:00\",\"dateModified\":\"2024-10-21T11:58:41+00:00\",\"author\":{\"@id\":\"https:\\\/\\\/www.interactsolutions.com\\\/es\\\/#\\\/schema\\\/person\\\/68a2f4ee4f57a8ccb8862de4c85c21f5\"},\"description\":\"El evento en l\u00ednea y gratuito cont\u00f3 con m\u00e1s de 400 inscritos y debati\u00f3 sobre la necesidad de observar el BPM desde la perspectiva de la Experiencia.\",\"inLanguage\":\"es\",\"potentialAction\":[{\"@type\":\"ReadAction\",\"target\":[\"https:\\\/\\\/www.interactsolutions.com\\\/es\\\/webinar-bpm-en-la-era-de-la-centralidad-en-experiencias-con-gart-capote-reunio-a-mas-de-400-inscritos\\\/\"]}]},{\"@type\":\"ImageObject\",\"inLanguage\":\"es\",\"@id\":\"https:\\\/\\\/www.interactsolutions.com\\\/es\\\/webinar-bpm-en-la-era-de-la-centralidad-en-experiencias-con-gart-capote-reunio-a-mas-de-400-inscritos\\\/#primaryimage\",\"url\":\"https:\\\/\\\/www.interactsolutions.com\\\/wp-content\\\/uploads\\\/2024\\\/10\\\/capa_webinar-gart.png\",\"contentUrl\":\"https:\\\/\\\/www.interactsolutions.com\\\/wp-content\\\/uploads\\\/2024\\\/10\\\/capa_webinar-gart.png\",\"width\":1920,\"height\":1080,\"caption\":\"BPM\"},{\"@type\":\"WebSite\",\"@id\":\"https:\\\/\\\/www.interactsolutions.com\\\/es\\\/#website\",\"url\":\"https:\\\/\\\/www.interactsolutions.com\\\/es\\\/\",\"name\":\"Interact Solutions\",\"description\":\"\",\"potentialAction\":[{\"@type\":\"SearchAction\",\"target\":{\"@type\":\"EntryPoint\",\"urlTemplate\":\"https:\\\/\\\/www.interactsolutions.com\\\/es\\\/?s={search_term_string}\"},\"query-input\":{\"@type\":\"PropertyValueSpecification\",\"valueRequired\":true,\"valueName\":\"search_term_string\"}}],\"inLanguage\":\"es\"},{\"@type\":\"Person\",\"@id\":\"https:\\\/\\\/www.interactsolutions.com\\\/es\\\/#\\\/schema\\\/person\\\/68a2f4ee4f57a8ccb8862de4c85c21f5\",\"name\":\"conteudo_2\"}]}<\/script>\n<!-- \/ Yoast SEO plugin. -->","yoast_head_json":{"title":"Webinar BPM en la Era de la Centralidad en Experiencias con Gart Capote reuni\u00f3 a m\u00e1s de 400 inscritos - Interact Solutions","description":"El evento en l\u00ednea y gratuito cont\u00f3 con m\u00e1s de 400 inscritos y debati\u00f3 sobre la necesidad de observar el BPM desde la perspectiva de la Experiencia.","robots":{"index":"index","follow":"follow","max-snippet":"max-snippet:-1","max-image-preview":"max-image-preview:large","max-video-preview":"max-video-preview:-1"},"canonical":"https:\/\/www.interactsolutions.com\/es\/webinar-bpm-en-la-era-de-la-centralidad-en-experiencias-con-gart-capote-reunio-a-mas-de-400-inscritos\/","og_locale":"es_ES","og_type":"article","og_title":"Webinar BPM en la Era de la Centralidad en Experiencias con Gart Capote reuni\u00f3 a m\u00e1s de 400 inscritos - Interact Solutions","og_description":"El evento en l\u00ednea y gratuito cont\u00f3 con m\u00e1s de 400 inscritos y debati\u00f3 sobre la necesidad de observar el BPM desde la perspectiva de la Experiencia.","og_url":"https:\/\/www.interactsolutions.com\/es\/webinar-bpm-en-la-era-de-la-centralidad-en-experiencias-con-gart-capote-reunio-a-mas-de-400-inscritos\/","og_site_name":"Interact Solutions","article_published_time":"2024-10-21T11:50:28+00:00","article_modified_time":"2024-10-21T11:58:41+00:00","og_image":[{"width":1920,"height":1080,"url":"https:\/\/www.interactsolutions.com\/wp-content\/uploads\/2024\/10\/capa_webinar-gart.png","type":"image\/png"}],"author":"conteudo_2","twitter_card":"summary_large_image","twitter_misc":{"Escrito por":"conteudo_2","Tiempo de lectura":"3 minutos"},"schema":{"@context":"https:\/\/schema.org","@graph":[{"@type":"Article","@id":"https:\/\/www.interactsolutions.com\/es\/webinar-bpm-en-la-era-de-la-centralidad-en-experiencias-con-gart-capote-reunio-a-mas-de-400-inscritos\/#article","isPartOf":{"@id":"https:\/\/www.interactsolutions.com\/es\/webinar-bpm-en-la-era-de-la-centralidad-en-experiencias-con-gart-capote-reunio-a-mas-de-400-inscritos\/"},"author":{"name":"conteudo_2","@id":"https:\/\/www.interactsolutions.com\/es\/#\/schema\/person\/68a2f4ee4f57a8ccb8862de4c85c21f5"},"headline":"Webinar BPM en la Era de la Centralidad en Experiencias con Gart Capote reuni\u00f3 a m\u00e1s de 400 inscritos","datePublished":"2024-10-21T11:50:28+00:00","dateModified":"2024-10-21T11:58:41+00:00","mainEntityOfPage":{"@id":"https:\/\/www.interactsolutions.com\/es\/webinar-bpm-en-la-era-de-la-centralidad-en-experiencias-con-gart-capote-reunio-a-mas-de-400-inscritos\/"},"wordCount":511,"image":{"@id":"https:\/\/www.interactsolutions.com\/es\/webinar-bpm-en-la-era-de-la-centralidad-en-experiencias-con-gart-capote-reunio-a-mas-de-400-inscritos\/#primaryimage"},"thumbnailUrl":"https:\/\/www.interactsolutions.com\/wp-content\/uploads\/2024\/10\/capa_webinar-gart.png","articleSection":["Sin categorizar"],"inLanguage":"es"},{"@type":"WebPage","@id":"https:\/\/www.interactsolutions.com\/es\/webinar-bpm-en-la-era-de-la-centralidad-en-experiencias-con-gart-capote-reunio-a-mas-de-400-inscritos\/","url":"https:\/\/www.interactsolutions.com\/es\/webinar-bpm-en-la-era-de-la-centralidad-en-experiencias-con-gart-capote-reunio-a-mas-de-400-inscritos\/","name":"Webinar BPM en la Era de la Centralidad en Experiencias con Gart Capote reuni\u00f3 a m\u00e1s de 400 inscritos - Interact Solutions","isPartOf":{"@id":"https:\/\/www.interactsolutions.com\/es\/#website"},"primaryImageOfPage":{"@id":"https:\/\/www.interactsolutions.com\/es\/webinar-bpm-en-la-era-de-la-centralidad-en-experiencias-con-gart-capote-reunio-a-mas-de-400-inscritos\/#primaryimage"},"image":{"@id":"https:\/\/www.interactsolutions.com\/es\/webinar-bpm-en-la-era-de-la-centralidad-en-experiencias-con-gart-capote-reunio-a-mas-de-400-inscritos\/#primaryimage"},"thumbnailUrl":"https:\/\/www.interactsolutions.com\/wp-content\/uploads\/2024\/10\/capa_webinar-gart.png","datePublished":"2024-10-21T11:50:28+00:00","dateModified":"2024-10-21T11:58:41+00:00","author":{"@id":"https:\/\/www.interactsolutions.com\/es\/#\/schema\/person\/68a2f4ee4f57a8ccb8862de4c85c21f5"},"description":"El evento en l\u00ednea y gratuito cont\u00f3 con m\u00e1s de 400 inscritos y debati\u00f3 sobre la necesidad de observar el BPM desde la perspectiva de la Experiencia.","inLanguage":"es","potentialAction":[{"@type":"ReadAction","target":["https:\/\/www.interactsolutions.com\/es\/webinar-bpm-en-la-era-de-la-centralidad-en-experiencias-con-gart-capote-reunio-a-mas-de-400-inscritos\/"]}]},{"@type":"ImageObject","inLanguage":"es","@id":"https:\/\/www.interactsolutions.com\/es\/webinar-bpm-en-la-era-de-la-centralidad-en-experiencias-con-gart-capote-reunio-a-mas-de-400-inscritos\/#primaryimage","url":"https:\/\/www.interactsolutions.com\/wp-content\/uploads\/2024\/10\/capa_webinar-gart.png","contentUrl":"https:\/\/www.interactsolutions.com\/wp-content\/uploads\/2024\/10\/capa_webinar-gart.png","width":1920,"height":1080,"caption":"BPM"},{"@type":"WebSite","@id":"https:\/\/www.interactsolutions.com\/es\/#website","url":"https:\/\/www.interactsolutions.com\/es\/","name":"Interact Solutions","description":"","potentialAction":[{"@type":"SearchAction","target":{"@type":"EntryPoint","urlTemplate":"https:\/\/www.interactsolutions.com\/es\/?s={search_term_string}"},"query-input":{"@type":"PropertyValueSpecification","valueRequired":true,"valueName":"search_term_string"}}],"inLanguage":"es"},{"@type":"Person","@id":"https:\/\/www.interactsolutions.com\/es\/#\/schema\/person\/68a2f4ee4f57a8ccb8862de4c85c21f5","name":"conteudo_2"}]}},"_links":{"self":[{"href":"https:\/\/www.interactsolutions.com\/es\/wp-json\/wp\/v2\/posts\/11831","targetHints":{"allow":["GET"]}}],"collection":[{"href":"https:\/\/www.interactsolutions.com\/es\/wp-json\/wp\/v2\/posts"}],"about":[{"href":"https:\/\/www.interactsolutions.com\/es\/wp-json\/wp\/v2\/types\/post"}],"author":[{"embeddable":true,"href":"https:\/\/www.interactsolutions.com\/es\/wp-json\/wp\/v2\/users\/3"}],"replies":[{"embeddable":true,"href":"https:\/\/www.interactsolutions.com\/es\/wp-json\/wp\/v2\/comments?post=11831"}],"version-history":[{"count":1,"href":"https:\/\/www.interactsolutions.com\/es\/wp-json\/wp\/v2\/posts\/11831\/revisions"}],"predecessor-version":[{"id":11832,"href":"https:\/\/www.interactsolutions.com\/es\/wp-json\/wp\/v2\/posts\/11831\/revisions\/11832"}],"wp:featuredmedia":[{"embeddable":true,"href":"https:\/\/www.interactsolutions.com\/es\/wp-json\/wp\/v2\/media\/11829"}],"wp:attachment":[{"href":"https:\/\/www.interactsolutions.com\/es\/wp-json\/wp\/v2\/media?parent=11831"}],"wp:term":[{"taxonomy":"category","embeddable":true,"href":"https:\/\/www.interactsolutions.com\/es\/wp-json\/wp\/v2\/categories?post=11831"}],"curies":[{"name":"wp","href":"https:\/\/api.w.org\/{rel}","templated":true}]}}