{"id":12021,"date":"2024-11-14T15:00:13","date_gmt":"2024-11-14T18:00:13","guid":{"rendered":"https:\/\/www.interactsolutions.com\/?p=12021"},"modified":"2024-11-14T15:14:49","modified_gmt":"2024-11-14T18:14:49","slug":"la-segunda-semana-de-noviembre-se-caracteriza-por-participaciones-en-eventos","status":"publish","type":"post","link":"https:\/\/www.interactsolutions.com\/es\/la-segunda-semana-de-noviembre-se-caracteriza-por-participaciones-en-eventos\/","title":{"rendered":"La segunda semana de noviembre se caracteriza por participaciones en eventos"},"content":{"rendered":"<p>La segunda semana de noviembre se caracteriz\u00f3 por la participaci\u00f3n de Interact en eventos en <strong>Brasil, Portugal y Espa\u00f1a<\/strong>.<\/p>\n<p>Al inicio de la semana, m\u00e1s espec\u00edficamente el <strong>11 de noviembre<\/strong>, tuvo lugar el primer d\u00eda de la <strong>Health Meeting 2024<\/strong> en Porto Alegre. Se trata de la primera feria internacional de salud en la regi\u00f3n sur de Brasil, cuyo objetivo es fortalecer el sector, promoviendo el conocimiento, impulsando negocios y proporcionando acceso a las \u00faltimas tecnolog\u00edas.<\/p>\n<p>Dada su importancia, el equipo de Gesti\u00f3n de Negocios visit\u00f3 la feria con el fin de <strong>apoyar a los clientes e identificar nuevas oportunidades de negocio<\/strong>.<\/p>\n<p>El 12 y el 14 de noviembre, Interact realiz\u00f3 talleres en el <strong>Interact Day<\/strong> en Lisboa y Madrid. Estos fueron dirigidos por el Director de <a href=\"https:\/\/www.linkedin.com\/company\/interact-latam\/?viewAsMember=true\" target=\"_blank\" rel=\"noopener\">Interact Latam<\/a>, <a href=\"https:\/\/www.linkedin.com\/in\/fernandoestradahora\/\" target=\"_blank\" rel=\"noopener\">Fernando Estrada<\/a>, y contaron con el apoyo de aliados como <a href=\"https:\/\/www.linkedin.com\/in\/pedrorobledobpm\/\" target=\"_blank\" rel=\"noopener\">Pedro Robledo<\/a>, Presidente de la ABPMP Espa\u00f1a; <a href=\"https:\/\/www.linkedin.com\/in\/jmespinoza\/\" target=\"_blank\" rel=\"noopener\">JuanMa Espinoza<\/a>, Socio Director de la empresa PMC; y <a href=\"https:\/\/www.linkedin.com\/in\/pedromeireles\/\" target=\"_blank\" rel=\"noopener\">Pedro Meireles<\/a>, Director Administrativo de la empresa Procesos Objetivos.<\/p>\n<p>Tanto en la edici\u00f3n de Lisboa como en la de Madrid, se abordaron temas como la <strong>Inteligencia Artificial aplicada al BPM y la Soluci\u00f3n 3P\u2019s<\/strong>.<\/p>\n<p><img loading=\"lazy\" decoding=\"async\" class=\" wp-image-12010 aligncenter\" src=\"http:\/\/www.interactsolutions.com\/wp-content\/uploads\/2024\/11\/WhatsApp-Image-2024-11-14-at-14.06.04-1200x903.jpeg\" alt=\"\" width=\"799\" height=\"601\" srcset=\"https:\/\/www.interactsolutions.com\/wp-content\/uploads\/2024\/11\/WhatsApp-Image-2024-11-14-at-14.06.04-1200x903.jpeg 1200w, https:\/\/www.interactsolutions.com\/wp-content\/uploads\/2024\/11\/WhatsApp-Image-2024-11-14-at-14.06.04-600x451.jpeg 600w, https:\/\/www.interactsolutions.com\/wp-content\/uploads\/2024\/11\/WhatsApp-Image-2024-11-14-at-14.06.04-150x113.jpeg 150w, https:\/\/www.interactsolutions.com\/wp-content\/uploads\/2024\/11\/WhatsApp-Image-2024-11-14-at-14.06.04.jpeg 1280w\" sizes=\"auto, (max-width: 799px) 100vw, 799px\" \/><\/p>\n<p>El 13\/11, Interact particip\u00f3 como patrocinador del <strong>BPM Day Distrito Federal<\/strong>. El evento, que se llev\u00f3 a cabo en el Ministerio P\u00fablico Federal, cont\u00f3 con conferencias de especialistas reconocidos, mesas de debate y mucho networking.<\/p>\n<p><img loading=\"lazy\" decoding=\"async\" class=\" wp-image-12013 aligncenter\" src=\"http:\/\/www.interactsolutions.com\/wp-content\/uploads\/2024\/11\/WhatsApp-Image-2024-11-13-at-09.45.13-1200x540.jpeg\" alt=\"\" width=\"860\" height=\"387\" srcset=\"https:\/\/www.interactsolutions.com\/wp-content\/uploads\/2024\/11\/WhatsApp-Image-2024-11-13-at-09.45.13-1200x540.jpeg 1200w, https:\/\/www.interactsolutions.com\/wp-content\/uploads\/2024\/11\/WhatsApp-Image-2024-11-13-at-09.45.13-600x270.jpeg 600w, https:\/\/www.interactsolutions.com\/wp-content\/uploads\/2024\/11\/WhatsApp-Image-2024-11-13-at-09.45.13-150x68.jpeg 150w, https:\/\/www.interactsolutions.com\/wp-content\/uploads\/2024\/11\/WhatsApp-Image-2024-11-13-at-09.45.13.jpeg 1600w\" sizes=\"auto, (max-width: 860px) 100vw, 860px\" \/><\/p>\n<p>Adem\u00e1s, el 13\/11, las \u00e1reas de Gesti\u00f3n de Proyectos al Cliente y Gesti\u00f3n de Negocios participaron en el <strong>I Simposio de Calidad y Riesgos del Hospital Moinhos de Vento<\/strong>. Adem\u00e1s de asistir como oyentes, la colaboradora Mait\u00ea Lampert Neiland particip\u00f3 en una ponencia con el <strong>director ejecutivo del Hospital Bruno Born<\/strong> para presentar el caso <strong>\u201cMejora de los procesos en protocolos m\u00e9dico-asistenciales: una experiencia integrada y automatizada\u201d<\/strong>.<\/p>\n<p>La ponencia tambi\u00e9n demostr\u00f3 c\u00f3mo se aplic\u00f3 el Interact Suite SA en el Hospital Bruno Born, de Lajeado, para integrar y automatizar los protocolos mencionados, mejorando as\u00ed los procesos de la instituci\u00f3n.<\/p>\n<p><img loading=\"lazy\" decoding=\"async\" class=\" wp-image-12016 aligncenter\" src=\"http:\/\/www.interactsolutions.com\/wp-content\/uploads\/2024\/11\/Foto-513-1200x800.jpg\" alt=\"\" width=\"480\" height=\"320\" srcset=\"https:\/\/www.interactsolutions.com\/wp-content\/uploads\/2024\/11\/Foto-513-1200x800.jpg 1200w, https:\/\/www.interactsolutions.com\/wp-content\/uploads\/2024\/11\/Foto-513-1920x1280.jpg 1920w, https:\/\/www.interactsolutions.com\/wp-content\/uploads\/2024\/11\/Foto-513-600x400.jpg 600w, https:\/\/www.interactsolutions.com\/wp-content\/uploads\/2024\/11\/Foto-513-150x100.jpg 150w\" sizes=\"auto, (max-width: 480px) 100vw, 480px\" \/><\/p>\n<p><img loading=\"lazy\" decoding=\"async\" class=\" wp-image-12022 aligncenter\" src=\"http:\/\/www.interactsolutions.com\/wp-content\/uploads\/2024\/11\/Foto-500-1-1200x800.jpg\" alt=\"\" width=\"475\" height=\"316\" srcset=\"https:\/\/www.interactsolutions.com\/wp-content\/uploads\/2024\/11\/Foto-500-1-1200x800.jpg 1200w, https:\/\/www.interactsolutions.com\/wp-content\/uploads\/2024\/11\/Foto-500-1-1920x1280.jpg 1920w, https:\/\/www.interactsolutions.com\/wp-content\/uploads\/2024\/11\/Foto-500-1-600x400.jpg 600w, https:\/\/www.interactsolutions.com\/wp-content\/uploads\/2024\/11\/Foto-500-1-150x100.jpg 150w\" sizes=\"auto, (max-width: 475px) 100vw, 475px\" \/><\/p>\n<p>Estas acciones est\u00e1n alineadas con<strong> los objetivos estrat\u00e9gicos<\/strong> de Interact Solutions y <strong>fortalecen la presencia de la marca a nivel nacional e internacional<\/strong>, ampliando sus horizontes.<\/p>\n<p>&nbsp;<\/p>\n<p>&nbsp;<\/p>\n","protected":false},"excerpt":{"rendered":"<p>La segunda semana de noviembre se caracteriz\u00f3 por la participaci\u00f3n de Interact en eventos en Brasil, Portugal y Espa\u00f1a. Al inicio de la semana, m\u00e1s espec\u00edficamente el 11 de noviembre, tuvo lugar el primer d\u00eda de la Health Meeting 2024\u2026<\/p>\n","protected":false},"author":3,"featured_media":12007,"comment_status":"closed","ping_status":"closed","sticky":false,"template":"","format":"standard","meta":{"_acf_changed":false,"inline_featured_image":false,"footnotes":""},"categories":[2],"class_list":["post-12021","post","type-post","status-publish","format-standard","has-post-thumbnail","hentry","category-sin-categorizar","tipo-post-noticias-es"],"acf":[],"yoast_head":"<!-- This site is optimized with the Yoast SEO plugin v27.5 - https:\/\/yoast.com\/product\/yoast-seo-wordpress\/ -->\n<title>La segunda semana de noviembre se caracteriza por participaciones en eventos - Interact Solutions<\/title>\n<meta name=\"description\" content=\"Interact participa en eventos con el objetivo de fortalecer la presencia de la marca en Brasil y en el extranjero.\" \/>\n<meta name=\"robots\" content=\"index, follow, max-snippet:-1, max-image-preview:large, max-video-preview:-1\" \/>\n<link rel=\"canonical\" href=\"https:\/\/www.interactsolutions.com\/es\/la-segunda-semana-de-noviembre-se-caracteriza-por-participaciones-en-eventos\/\" \/>\n<meta property=\"og:locale\" content=\"es_ES\" \/>\n<meta property=\"og:type\" content=\"article\" \/>\n<meta property=\"og:title\" content=\"La segunda semana de noviembre se caracteriza por participaciones en eventos - Interact Solutions\" \/>\n<meta property=\"og:description\" content=\"Interact participa en eventos con el objetivo de fortalecer la presencia de la marca en Brasil y en el extranjero.\" \/>\n<meta property=\"og:url\" content=\"https:\/\/www.interactsolutions.com\/es\/la-segunda-semana-de-noviembre-se-caracteriza-por-participaciones-en-eventos\/\" \/>\n<meta property=\"og:site_name\" content=\"Interact Solutions\" \/>\n<meta property=\"article:published_time\" content=\"2024-11-14T18:00:13+00:00\" \/>\n<meta property=\"article:modified_time\" content=\"2024-11-14T18:14:49+00:00\" \/>\n<meta property=\"og:image\" content=\"https:\/\/www.interactsolutions.com\/wp-content\/uploads\/2024\/11\/Foto-523-1920x1280.jpg\" \/>\n\t<meta property=\"og:image:width\" content=\"1920\" \/>\n\t<meta property=\"og:image:height\" content=\"1280\" \/>\n\t<meta property=\"og:image:type\" content=\"image\/jpeg\" \/>\n<meta name=\"author\" content=\"conteudo_2\" \/>\n<meta name=\"twitter:card\" content=\"summary_large_image\" \/>\n<meta name=\"twitter:label1\" content=\"Escrito por\" \/>\n\t<meta name=\"twitter:data1\" content=\"conteudo_2\" \/>\n\t<meta name=\"twitter:label2\" content=\"Tiempo de lectura\" \/>\n\t<meta name=\"twitter:data2\" content=\"3 minutos\" \/>\n<script type=\"application\/ld+json\" class=\"yoast-schema-graph\">{\"@context\":\"https:\\\/\\\/schema.org\",\"@graph\":[{\"@type\":\"Article\",\"@id\":\"https:\\\/\\\/www.interactsolutions.com\\\/es\\\/la-segunda-semana-de-noviembre-se-caracteriza-por-participaciones-en-eventos\\\/#article\",\"isPartOf\":{\"@id\":\"https:\\\/\\\/www.interactsolutions.com\\\/es\\\/la-segunda-semana-de-noviembre-se-caracteriza-por-participaciones-en-eventos\\\/\"},\"author\":{\"name\":\"conteudo_2\",\"@id\":\"https:\\\/\\\/www.interactsolutions.com\\\/es\\\/#\\\/schema\\\/person\\\/68a2f4ee4f57a8ccb8862de4c85c21f5\"},\"headline\":\"La segunda semana de noviembre se caracteriza por participaciones en eventos\",\"datePublished\":\"2024-11-14T18:00:13+00:00\",\"dateModified\":\"2024-11-14T18:14:49+00:00\",\"mainEntityOfPage\":{\"@id\":\"https:\\\/\\\/www.interactsolutions.com\\\/es\\\/la-segunda-semana-de-noviembre-se-caracteriza-por-participaciones-en-eventos\\\/\"},\"wordCount\":379,\"image\":{\"@id\":\"https:\\\/\\\/www.interactsolutions.com\\\/es\\\/la-segunda-semana-de-noviembre-se-caracteriza-por-participaciones-en-eventos\\\/#primaryimage\"},\"thumbnailUrl\":\"https:\\\/\\\/www.interactsolutions.com\\\/wp-content\\\/uploads\\\/2024\\\/11\\\/Foto-523.jpg\",\"articleSection\":[\"Sin categorizar\"],\"inLanguage\":\"es\"},{\"@type\":\"WebPage\",\"@id\":\"https:\\\/\\\/www.interactsolutions.com\\\/es\\\/la-segunda-semana-de-noviembre-se-caracteriza-por-participaciones-en-eventos\\\/\",\"url\":\"https:\\\/\\\/www.interactsolutions.com\\\/es\\\/la-segunda-semana-de-noviembre-se-caracteriza-por-participaciones-en-eventos\\\/\",\"name\":\"La segunda semana de noviembre se caracteriza por participaciones en eventos - Interact Solutions\",\"isPartOf\":{\"@id\":\"https:\\\/\\\/www.interactsolutions.com\\\/es\\\/#website\"},\"primaryImageOfPage\":{\"@id\":\"https:\\\/\\\/www.interactsolutions.com\\\/es\\\/la-segunda-semana-de-noviembre-se-caracteriza-por-participaciones-en-eventos\\\/#primaryimage\"},\"image\":{\"@id\":\"https:\\\/\\\/www.interactsolutions.com\\\/es\\\/la-segunda-semana-de-noviembre-se-caracteriza-por-participaciones-en-eventos\\\/#primaryimage\"},\"thumbnailUrl\":\"https:\\\/\\\/www.interactsolutions.com\\\/wp-content\\\/uploads\\\/2024\\\/11\\\/Foto-523.jpg\",\"datePublished\":\"2024-11-14T18:00:13+00:00\",\"dateModified\":\"2024-11-14T18:14:49+00:00\",\"author\":{\"@id\":\"https:\\\/\\\/www.interactsolutions.com\\\/es\\\/#\\\/schema\\\/person\\\/68a2f4ee4f57a8ccb8862de4c85c21f5\"},\"description\":\"Interact participa en eventos con el objetivo de fortalecer la presencia de la marca en Brasil y en el extranjero.\",\"inLanguage\":\"es\",\"potentialAction\":[{\"@type\":\"ReadAction\",\"target\":[\"https:\\\/\\\/www.interactsolutions.com\\\/es\\\/la-segunda-semana-de-noviembre-se-caracteriza-por-participaciones-en-eventos\\\/\"]}]},{\"@type\":\"ImageObject\",\"inLanguage\":\"es\",\"@id\":\"https:\\\/\\\/www.interactsolutions.com\\\/es\\\/la-segunda-semana-de-noviembre-se-caracteriza-por-participaciones-en-eventos\\\/#primaryimage\",\"url\":\"https:\\\/\\\/www.interactsolutions.com\\\/wp-content\\\/uploads\\\/2024\\\/11\\\/Foto-523.jpg\",\"contentUrl\":\"https:\\\/\\\/www.interactsolutions.com\\\/wp-content\\\/uploads\\\/2024\\\/11\\\/Foto-523.jpg\",\"width\":5415,\"height\":3610},{\"@type\":\"WebSite\",\"@id\":\"https:\\\/\\\/www.interactsolutions.com\\\/es\\\/#website\",\"url\":\"https:\\\/\\\/www.interactsolutions.com\\\/es\\\/\",\"name\":\"Interact Solutions\",\"description\":\"\",\"potentialAction\":[{\"@type\":\"SearchAction\",\"target\":{\"@type\":\"EntryPoint\",\"urlTemplate\":\"https:\\\/\\\/www.interactsolutions.com\\\/es\\\/?s={search_term_string}\"},\"query-input\":{\"@type\":\"PropertyValueSpecification\",\"valueRequired\":true,\"valueName\":\"search_term_string\"}}],\"inLanguage\":\"es\"},{\"@type\":\"Person\",\"@id\":\"https:\\\/\\\/www.interactsolutions.com\\\/es\\\/#\\\/schema\\\/person\\\/68a2f4ee4f57a8ccb8862de4c85c21f5\",\"name\":\"conteudo_2\"}]}<\/script>\n<!-- \/ Yoast SEO plugin. -->","yoast_head_json":{"title":"La segunda semana de noviembre se caracteriza por participaciones en eventos - Interact Solutions","description":"Interact participa en eventos con el objetivo de fortalecer la presencia de la marca en Brasil y en el extranjero.","robots":{"index":"index","follow":"follow","max-snippet":"max-snippet:-1","max-image-preview":"max-image-preview:large","max-video-preview":"max-video-preview:-1"},"canonical":"https:\/\/www.interactsolutions.com\/es\/la-segunda-semana-de-noviembre-se-caracteriza-por-participaciones-en-eventos\/","og_locale":"es_ES","og_type":"article","og_title":"La segunda semana de noviembre se caracteriza por participaciones en eventos - Interact Solutions","og_description":"Interact participa en eventos con el objetivo de fortalecer la presencia de la marca en Brasil y en el extranjero.","og_url":"https:\/\/www.interactsolutions.com\/es\/la-segunda-semana-de-noviembre-se-caracteriza-por-participaciones-en-eventos\/","og_site_name":"Interact Solutions","article_published_time":"2024-11-14T18:00:13+00:00","article_modified_time":"2024-11-14T18:14:49+00:00","og_image":[{"width":1920,"height":1280,"url":"https:\/\/www.interactsolutions.com\/wp-content\/uploads\/2024\/11\/Foto-523-1920x1280.jpg","type":"image\/jpeg"}],"author":"conteudo_2","twitter_card":"summary_large_image","twitter_misc":{"Escrito por":"conteudo_2","Tiempo de lectura":"3 minutos"},"schema":{"@context":"https:\/\/schema.org","@graph":[{"@type":"Article","@id":"https:\/\/www.interactsolutions.com\/es\/la-segunda-semana-de-noviembre-se-caracteriza-por-participaciones-en-eventos\/#article","isPartOf":{"@id":"https:\/\/www.interactsolutions.com\/es\/la-segunda-semana-de-noviembre-se-caracteriza-por-participaciones-en-eventos\/"},"author":{"name":"conteudo_2","@id":"https:\/\/www.interactsolutions.com\/es\/#\/schema\/person\/68a2f4ee4f57a8ccb8862de4c85c21f5"},"headline":"La segunda semana de noviembre se caracteriza por participaciones en eventos","datePublished":"2024-11-14T18:00:13+00:00","dateModified":"2024-11-14T18:14:49+00:00","mainEntityOfPage":{"@id":"https:\/\/www.interactsolutions.com\/es\/la-segunda-semana-de-noviembre-se-caracteriza-por-participaciones-en-eventos\/"},"wordCount":379,"image":{"@id":"https:\/\/www.interactsolutions.com\/es\/la-segunda-semana-de-noviembre-se-caracteriza-por-participaciones-en-eventos\/#primaryimage"},"thumbnailUrl":"https:\/\/www.interactsolutions.com\/wp-content\/uploads\/2024\/11\/Foto-523.jpg","articleSection":["Sin categorizar"],"inLanguage":"es"},{"@type":"WebPage","@id":"https:\/\/www.interactsolutions.com\/es\/la-segunda-semana-de-noviembre-se-caracteriza-por-participaciones-en-eventos\/","url":"https:\/\/www.interactsolutions.com\/es\/la-segunda-semana-de-noviembre-se-caracteriza-por-participaciones-en-eventos\/","name":"La segunda semana de noviembre se caracteriza por participaciones en eventos - Interact Solutions","isPartOf":{"@id":"https:\/\/www.interactsolutions.com\/es\/#website"},"primaryImageOfPage":{"@id":"https:\/\/www.interactsolutions.com\/es\/la-segunda-semana-de-noviembre-se-caracteriza-por-participaciones-en-eventos\/#primaryimage"},"image":{"@id":"https:\/\/www.interactsolutions.com\/es\/la-segunda-semana-de-noviembre-se-caracteriza-por-participaciones-en-eventos\/#primaryimage"},"thumbnailUrl":"https:\/\/www.interactsolutions.com\/wp-content\/uploads\/2024\/11\/Foto-523.jpg","datePublished":"2024-11-14T18:00:13+00:00","dateModified":"2024-11-14T18:14:49+00:00","author":{"@id":"https:\/\/www.interactsolutions.com\/es\/#\/schema\/person\/68a2f4ee4f57a8ccb8862de4c85c21f5"},"description":"Interact participa en eventos con el objetivo de fortalecer la presencia de la marca en Brasil y en el extranjero.","inLanguage":"es","potentialAction":[{"@type":"ReadAction","target":["https:\/\/www.interactsolutions.com\/es\/la-segunda-semana-de-noviembre-se-caracteriza-por-participaciones-en-eventos\/"]}]},{"@type":"ImageObject","inLanguage":"es","@id":"https:\/\/www.interactsolutions.com\/es\/la-segunda-semana-de-noviembre-se-caracteriza-por-participaciones-en-eventos\/#primaryimage","url":"https:\/\/www.interactsolutions.com\/wp-content\/uploads\/2024\/11\/Foto-523.jpg","contentUrl":"https:\/\/www.interactsolutions.com\/wp-content\/uploads\/2024\/11\/Foto-523.jpg","width":5415,"height":3610},{"@type":"WebSite","@id":"https:\/\/www.interactsolutions.com\/es\/#website","url":"https:\/\/www.interactsolutions.com\/es\/","name":"Interact Solutions","description":"","potentialAction":[{"@type":"SearchAction","target":{"@type":"EntryPoint","urlTemplate":"https:\/\/www.interactsolutions.com\/es\/?s={search_term_string}"},"query-input":{"@type":"PropertyValueSpecification","valueRequired":true,"valueName":"search_term_string"}}],"inLanguage":"es"},{"@type":"Person","@id":"https:\/\/www.interactsolutions.com\/es\/#\/schema\/person\/68a2f4ee4f57a8ccb8862de4c85c21f5","name":"conteudo_2"}]}},"_links":{"self":[{"href":"https:\/\/www.interactsolutions.com\/es\/wp-json\/wp\/v2\/posts\/12021","targetHints":{"allow":["GET"]}}],"collection":[{"href":"https:\/\/www.interactsolutions.com\/es\/wp-json\/wp\/v2\/posts"}],"about":[{"href":"https:\/\/www.interactsolutions.com\/es\/wp-json\/wp\/v2\/types\/post"}],"author":[{"embeddable":true,"href":"https:\/\/www.interactsolutions.com\/es\/wp-json\/wp\/v2\/users\/3"}],"replies":[{"embeddable":true,"href":"https:\/\/www.interactsolutions.com\/es\/wp-json\/wp\/v2\/comments?post=12021"}],"version-history":[{"count":1,"href":"https:\/\/www.interactsolutions.com\/es\/wp-json\/wp\/v2\/posts\/12021\/revisions"}],"predecessor-version":[{"id":12025,"href":"https:\/\/www.interactsolutions.com\/es\/wp-json\/wp\/v2\/posts\/12021\/revisions\/12025"}],"wp:featuredmedia":[{"embeddable":true,"href":"https:\/\/www.interactsolutions.com\/es\/wp-json\/wp\/v2\/media\/12007"}],"wp:attachment":[{"href":"https:\/\/www.interactsolutions.com\/es\/wp-json\/wp\/v2\/media?parent=12021"}],"wp:term":[{"taxonomy":"category","embeddable":true,"href":"https:\/\/www.interactsolutions.com\/es\/wp-json\/wp\/v2\/categories?post=12021"}],"curies":[{"name":"wp","href":"https:\/\/api.w.org\/{rel}","templated":true}]}}