{"id":12049,"date":"2024-11-19T17:21:05","date_gmt":"2024-11-19T20:21:05","guid":{"rendered":"https:\/\/www.interactsolutions.com\/?p=12049"},"modified":"2024-11-19T17:24:43","modified_gmt":"2024-11-19T20:24:43","slug":"interact-day-reune-profesionales-en-lisboa-y-madrid","status":"publish","type":"post","link":"https:\/\/www.interactsolutions.com\/es\/interact-day-reune-profesionales-en-lisboa-y-madrid\/","title":{"rendered":"Interact Day re\u00fane profesionales en Lisboa y Madrid"},"content":{"rendered":"<p>Los d\u00edas <strong>12 y 14 de noviembre<\/strong>, el Interact Day reuni\u00f3 a profesionales del \u00e1rea de <strong>Gesti\u00f3n por Procesos y Transformaci\u00f3n Digita<\/strong>l en <strong>Lisboa y Madrid<\/strong>, respectivamente.<\/p>\n<p>Los eventos incluyeron talleres sobre <strong>Inteligencia Artificial Aplicada al BPM y la Soluci\u00f3n 3P\u2019s<\/strong>, y c\u00f3mo la Soluci\u00f3n 3P\u2019s y la Gesti\u00f3n por Procesos ayudan a la <strong>transformaci\u00f3n con IA, BSC y la Gu\u00eda ESM<\/strong>.<\/p>\n<p>Los talleres fueron dirigidos por el Director de Interact Latam, <strong>Fernando Estrada<\/strong>, y por socios internacionales como <strong>Pedro Meireles<\/strong>, de Procesos Objetivos; <strong>Pedro Robledo<\/strong>, especialista en BPM y Transformaci\u00f3n Digital y Presidente de ABPMP Espa\u00f1a, y <strong>JuanMa Espinoza<\/strong>, experto en Gobernanza y Gesti\u00f3n Empresarial.<\/p>\n<p>Los eventos est\u00e1n alineados con los movimientos de internacionalizaci\u00f3n que se han estado llevando a cabo a lo largo del a\u00f1o, con el objetivo de alcanzar nuevos territorios en su horizonte.<\/p>\n<p><img loading=\"lazy\" decoding=\"async\" class=\" wp-image-12047 aligncenter\" src=\"http:\/\/www.interactsolutions.com\/wp-content\/uploads\/2024\/11\/20241114_191630-1200x676.jpg\" alt=\"\" width=\"634\" height=\"357\" srcset=\"https:\/\/www.interactsolutions.com\/wp-content\/uploads\/2024\/11\/20241114_191630-1200x676.jpg 1200w, https:\/\/www.interactsolutions.com\/wp-content\/uploads\/2024\/11\/20241114_191630-1920x1081.jpg 1920w, https:\/\/www.interactsolutions.com\/wp-content\/uploads\/2024\/11\/20241114_191630-600x338.jpg 600w, https:\/\/www.interactsolutions.com\/wp-content\/uploads\/2024\/11\/20241114_191630-150x84.jpg 150w\" sizes=\"auto, (max-width: 634px) 100vw, 634px\" \/><\/p>\n","protected":false},"excerpt":{"rendered":"<p>Los d\u00edas 12 y 14 de noviembre, el Interact Day reuni\u00f3 a profesionales del \u00e1rea de Gesti\u00f3n por Procesos y Transformaci\u00f3n Digital en Lisboa y Madrid, respectivamente. Los eventos incluyeron talleres sobre Inteligencia Artificial Aplicada al BPM y la Soluci\u00f3n\u2026<\/p>\n","protected":false},"author":3,"featured_media":12044,"comment_status":"closed","ping_status":"closed","sticky":false,"template":"","format":"standard","meta":{"_acf_changed":false,"inline_featured_image":false,"footnotes":""},"categories":[2],"class_list":["post-12049","post","type-post","status-publish","format-standard","has-post-thumbnail","hentry","category-sin-categorizar","tipo-post-noticias-es"],"acf":[],"yoast_head":"<!-- This site is optimized with the Yoast SEO plugin v27.5 - https:\/\/yoast.com\/product\/yoast-seo-wordpress\/ -->\n<title>Interact Day re\u00fane profesionales en Lisboa y Madrid - Interact Solutions<\/title>\n<meta name=\"description\" content=\"Se realizaron talleres sobre temas relacionados con la Gesti\u00f3n por Procesos y la Transformaci\u00f3n Digital.\" \/>\n<meta name=\"robots\" content=\"index, follow, max-snippet:-1, max-image-preview:large, max-video-preview:-1\" \/>\n<link rel=\"canonical\" href=\"https:\/\/www.interactsolutions.com\/es\/interact-day-reune-profesionales-en-lisboa-y-madrid\/\" \/>\n<meta property=\"og:locale\" content=\"es_ES\" \/>\n<meta property=\"og:type\" content=\"article\" \/>\n<meta property=\"og:title\" content=\"Interact Day re\u00fane profesionales en Lisboa y Madrid - Interact Solutions\" \/>\n<meta property=\"og:description\" content=\"Se realizaron talleres sobre temas relacionados con la Gesti\u00f3n por Procesos y la Transformaci\u00f3n Digital.\" \/>\n<meta property=\"og:url\" content=\"https:\/\/www.interactsolutions.com\/es\/interact-day-reune-profesionales-en-lisboa-y-madrid\/\" \/>\n<meta property=\"og:site_name\" content=\"Interact Solutions\" \/>\n<meta property=\"article:published_time\" content=\"2024-11-19T20:21:05+00:00\" \/>\n<meta property=\"article:modified_time\" content=\"2024-11-19T20:24:43+00:00\" \/>\n<meta property=\"og:image\" content=\"https:\/\/www.interactsolutions.com\/wp-content\/uploads\/2024\/11\/Capa_Noticia_InteractDay.png\" \/>\n\t<meta property=\"og:image:width\" content=\"1920\" \/>\n\t<meta property=\"og:image:height\" content=\"1080\" \/>\n\t<meta property=\"og:image:type\" content=\"image\/png\" \/>\n<meta name=\"author\" content=\"conteudo_2\" \/>\n<meta name=\"twitter:card\" content=\"summary_large_image\" \/>\n<meta name=\"twitter:label1\" content=\"Escrito por\" \/>\n\t<meta name=\"twitter:data1\" content=\"conteudo_2\" \/>\n\t<meta name=\"twitter:label2\" content=\"Tiempo de lectura\" \/>\n\t<meta name=\"twitter:data2\" content=\"2 minutos\" \/>\n<script type=\"application\/ld+json\" class=\"yoast-schema-graph\">{\"@context\":\"https:\\\/\\\/schema.org\",\"@graph\":[{\"@type\":\"Article\",\"@id\":\"https:\\\/\\\/www.interactsolutions.com\\\/es\\\/interact-day-reune-profesionales-en-lisboa-y-madrid\\\/#article\",\"isPartOf\":{\"@id\":\"https:\\\/\\\/www.interactsolutions.com\\\/es\\\/interact-day-reune-profesionales-en-lisboa-y-madrid\\\/\"},\"author\":{\"name\":\"conteudo_2\",\"@id\":\"https:\\\/\\\/www.interactsolutions.com\\\/es\\\/#\\\/schema\\\/person\\\/68a2f4ee4f57a8ccb8862de4c85c21f5\"},\"headline\":\"Interact Day re\u00fane profesionales en Lisboa y Madrid\",\"datePublished\":\"2024-11-19T20:21:05+00:00\",\"dateModified\":\"2024-11-19T20:24:43+00:00\",\"mainEntityOfPage\":{\"@id\":\"https:\\\/\\\/www.interactsolutions.com\\\/es\\\/interact-day-reune-profesionales-en-lisboa-y-madrid\\\/\"},\"wordCount\":161,\"image\":{\"@id\":\"https:\\\/\\\/www.interactsolutions.com\\\/es\\\/interact-day-reune-profesionales-en-lisboa-y-madrid\\\/#primaryimage\"},\"thumbnailUrl\":\"https:\\\/\\\/www.interactsolutions.com\\\/wp-content\\\/uploads\\\/2024\\\/11\\\/Capa_Noticia_InteractDay.png\",\"articleSection\":[\"Sin categorizar\"],\"inLanguage\":\"es\"},{\"@type\":\"WebPage\",\"@id\":\"https:\\\/\\\/www.interactsolutions.com\\\/es\\\/interact-day-reune-profesionales-en-lisboa-y-madrid\\\/\",\"url\":\"https:\\\/\\\/www.interactsolutions.com\\\/es\\\/interact-day-reune-profesionales-en-lisboa-y-madrid\\\/\",\"name\":\"Interact Day re\u00fane profesionales en Lisboa y Madrid - Interact Solutions\",\"isPartOf\":{\"@id\":\"https:\\\/\\\/www.interactsolutions.com\\\/es\\\/#website\"},\"primaryImageOfPage\":{\"@id\":\"https:\\\/\\\/www.interactsolutions.com\\\/es\\\/interact-day-reune-profesionales-en-lisboa-y-madrid\\\/#primaryimage\"},\"image\":{\"@id\":\"https:\\\/\\\/www.interactsolutions.com\\\/es\\\/interact-day-reune-profesionales-en-lisboa-y-madrid\\\/#primaryimage\"},\"thumbnailUrl\":\"https:\\\/\\\/www.interactsolutions.com\\\/wp-content\\\/uploads\\\/2024\\\/11\\\/Capa_Noticia_InteractDay.png\",\"datePublished\":\"2024-11-19T20:21:05+00:00\",\"dateModified\":\"2024-11-19T20:24:43+00:00\",\"author\":{\"@id\":\"https:\\\/\\\/www.interactsolutions.com\\\/es\\\/#\\\/schema\\\/person\\\/68a2f4ee4f57a8ccb8862de4c85c21f5\"},\"description\":\"Se realizaron talleres sobre temas relacionados con la Gesti\u00f3n por Procesos y la Transformaci\u00f3n Digital.\",\"inLanguage\":\"es\",\"potentialAction\":[{\"@type\":\"ReadAction\",\"target\":[\"https:\\\/\\\/www.interactsolutions.com\\\/es\\\/interact-day-reune-profesionales-en-lisboa-y-madrid\\\/\"]}]},{\"@type\":\"ImageObject\",\"inLanguage\":\"es\",\"@id\":\"https:\\\/\\\/www.interactsolutions.com\\\/es\\\/interact-day-reune-profesionales-en-lisboa-y-madrid\\\/#primaryimage\",\"url\":\"https:\\\/\\\/www.interactsolutions.com\\\/wp-content\\\/uploads\\\/2024\\\/11\\\/Capa_Noticia_InteractDay.png\",\"contentUrl\":\"https:\\\/\\\/www.interactsolutions.com\\\/wp-content\\\/uploads\\\/2024\\\/11\\\/Capa_Noticia_InteractDay.png\",\"width\":1920,\"height\":1080,\"caption\":\"Gest\u00e3o por Processos\"},{\"@type\":\"WebSite\",\"@id\":\"https:\\\/\\\/www.interactsolutions.com\\\/es\\\/#website\",\"url\":\"https:\\\/\\\/www.interactsolutions.com\\\/es\\\/\",\"name\":\"Interact Solutions\",\"description\":\"\",\"potentialAction\":[{\"@type\":\"SearchAction\",\"target\":{\"@type\":\"EntryPoint\",\"urlTemplate\":\"https:\\\/\\\/www.interactsolutions.com\\\/es\\\/?s={search_term_string}\"},\"query-input\":{\"@type\":\"PropertyValueSpecification\",\"valueRequired\":true,\"valueName\":\"search_term_string\"}}],\"inLanguage\":\"es\"},{\"@type\":\"Person\",\"@id\":\"https:\\\/\\\/www.interactsolutions.com\\\/es\\\/#\\\/schema\\\/person\\\/68a2f4ee4f57a8ccb8862de4c85c21f5\",\"name\":\"conteudo_2\"}]}<\/script>\n<!-- \/ Yoast SEO plugin. -->","yoast_head_json":{"title":"Interact Day re\u00fane profesionales en Lisboa y Madrid - Interact Solutions","description":"Se realizaron talleres sobre temas relacionados con la Gesti\u00f3n por Procesos y la Transformaci\u00f3n Digital.","robots":{"index":"index","follow":"follow","max-snippet":"max-snippet:-1","max-image-preview":"max-image-preview:large","max-video-preview":"max-video-preview:-1"},"canonical":"https:\/\/www.interactsolutions.com\/es\/interact-day-reune-profesionales-en-lisboa-y-madrid\/","og_locale":"es_ES","og_type":"article","og_title":"Interact Day re\u00fane profesionales en Lisboa y Madrid - Interact Solutions","og_description":"Se realizaron talleres sobre temas relacionados con la Gesti\u00f3n por Procesos y la Transformaci\u00f3n Digital.","og_url":"https:\/\/www.interactsolutions.com\/es\/interact-day-reune-profesionales-en-lisboa-y-madrid\/","og_site_name":"Interact Solutions","article_published_time":"2024-11-19T20:21:05+00:00","article_modified_time":"2024-11-19T20:24:43+00:00","og_image":[{"url":"https:\/\/www.interactsolutions.com\/wp-content\/uploads\/2024\/11\/Capa_Noticia_InteractDay.png","width":1920,"height":1080,"type":"image\/png"}],"author":"conteudo_2","twitter_card":"summary_large_image","twitter_misc":{"Escrito por":"conteudo_2","Tiempo de lectura":"2 minutos"},"schema":{"@context":"https:\/\/schema.org","@graph":[{"@type":"Article","@id":"https:\/\/www.interactsolutions.com\/es\/interact-day-reune-profesionales-en-lisboa-y-madrid\/#article","isPartOf":{"@id":"https:\/\/www.interactsolutions.com\/es\/interact-day-reune-profesionales-en-lisboa-y-madrid\/"},"author":{"name":"conteudo_2","@id":"https:\/\/www.interactsolutions.com\/es\/#\/schema\/person\/68a2f4ee4f57a8ccb8862de4c85c21f5"},"headline":"Interact Day re\u00fane profesionales en Lisboa y Madrid","datePublished":"2024-11-19T20:21:05+00:00","dateModified":"2024-11-19T20:24:43+00:00","mainEntityOfPage":{"@id":"https:\/\/www.interactsolutions.com\/es\/interact-day-reune-profesionales-en-lisboa-y-madrid\/"},"wordCount":161,"image":{"@id":"https:\/\/www.interactsolutions.com\/es\/interact-day-reune-profesionales-en-lisboa-y-madrid\/#primaryimage"},"thumbnailUrl":"https:\/\/www.interactsolutions.com\/wp-content\/uploads\/2024\/11\/Capa_Noticia_InteractDay.png","articleSection":["Sin categorizar"],"inLanguage":"es"},{"@type":"WebPage","@id":"https:\/\/www.interactsolutions.com\/es\/interact-day-reune-profesionales-en-lisboa-y-madrid\/","url":"https:\/\/www.interactsolutions.com\/es\/interact-day-reune-profesionales-en-lisboa-y-madrid\/","name":"Interact Day re\u00fane profesionales en Lisboa y Madrid - Interact Solutions","isPartOf":{"@id":"https:\/\/www.interactsolutions.com\/es\/#website"},"primaryImageOfPage":{"@id":"https:\/\/www.interactsolutions.com\/es\/interact-day-reune-profesionales-en-lisboa-y-madrid\/#primaryimage"},"image":{"@id":"https:\/\/www.interactsolutions.com\/es\/interact-day-reune-profesionales-en-lisboa-y-madrid\/#primaryimage"},"thumbnailUrl":"https:\/\/www.interactsolutions.com\/wp-content\/uploads\/2024\/11\/Capa_Noticia_InteractDay.png","datePublished":"2024-11-19T20:21:05+00:00","dateModified":"2024-11-19T20:24:43+00:00","author":{"@id":"https:\/\/www.interactsolutions.com\/es\/#\/schema\/person\/68a2f4ee4f57a8ccb8862de4c85c21f5"},"description":"Se realizaron talleres sobre temas relacionados con la Gesti\u00f3n por Procesos y la Transformaci\u00f3n Digital.","inLanguage":"es","potentialAction":[{"@type":"ReadAction","target":["https:\/\/www.interactsolutions.com\/es\/interact-day-reune-profesionales-en-lisboa-y-madrid\/"]}]},{"@type":"ImageObject","inLanguage":"es","@id":"https:\/\/www.interactsolutions.com\/es\/interact-day-reune-profesionales-en-lisboa-y-madrid\/#primaryimage","url":"https:\/\/www.interactsolutions.com\/wp-content\/uploads\/2024\/11\/Capa_Noticia_InteractDay.png","contentUrl":"https:\/\/www.interactsolutions.com\/wp-content\/uploads\/2024\/11\/Capa_Noticia_InteractDay.png","width":1920,"height":1080,"caption":"Gest\u00e3o por Processos"},{"@type":"WebSite","@id":"https:\/\/www.interactsolutions.com\/es\/#website","url":"https:\/\/www.interactsolutions.com\/es\/","name":"Interact Solutions","description":"","potentialAction":[{"@type":"SearchAction","target":{"@type":"EntryPoint","urlTemplate":"https:\/\/www.interactsolutions.com\/es\/?s={search_term_string}"},"query-input":{"@type":"PropertyValueSpecification","valueRequired":true,"valueName":"search_term_string"}}],"inLanguage":"es"},{"@type":"Person","@id":"https:\/\/www.interactsolutions.com\/es\/#\/schema\/person\/68a2f4ee4f57a8ccb8862de4c85c21f5","name":"conteudo_2"}]}},"_links":{"self":[{"href":"https:\/\/www.interactsolutions.com\/es\/wp-json\/wp\/v2\/posts\/12049","targetHints":{"allow":["GET"]}}],"collection":[{"href":"https:\/\/www.interactsolutions.com\/es\/wp-json\/wp\/v2\/posts"}],"about":[{"href":"https:\/\/www.interactsolutions.com\/es\/wp-json\/wp\/v2\/types\/post"}],"author":[{"embeddable":true,"href":"https:\/\/www.interactsolutions.com\/es\/wp-json\/wp\/v2\/users\/3"}],"replies":[{"embeddable":true,"href":"https:\/\/www.interactsolutions.com\/es\/wp-json\/wp\/v2\/comments?post=12049"}],"version-history":[{"count":2,"href":"https:\/\/www.interactsolutions.com\/es\/wp-json\/wp\/v2\/posts\/12049\/revisions"}],"predecessor-version":[{"id":12051,"href":"https:\/\/www.interactsolutions.com\/es\/wp-json\/wp\/v2\/posts\/12049\/revisions\/12051"}],"wp:featuredmedia":[{"embeddable":true,"href":"https:\/\/www.interactsolutions.com\/es\/wp-json\/wp\/v2\/media\/12044"}],"wp:attachment":[{"href":"https:\/\/www.interactsolutions.com\/es\/wp-json\/wp\/v2\/media?parent=12049"}],"wp:term":[{"taxonomy":"category","embeddable":true,"href":"https:\/\/www.interactsolutions.com\/es\/wp-json\/wp\/v2\/categories?post=12049"}],"curies":[{"name":"wp","href":"https:\/\/api.w.org\/{rel}","templated":true}]}}