{"id":14137,"date":"2025-07-11T18:24:48","date_gmt":"2025-07-11T21:24:48","guid":{"rendered":"https:\/\/www.interactsolutions.com\/insideout-week-debate-o-futuro-da-transformacao-digital-no-paraguai\/"},"modified":"2025-07-11T18:28:02","modified_gmt":"2025-07-11T21:28:02","slug":"insideout-week-debate-o-futuro-da-transformacao-digital-no-paraguai","status":"publish","type":"post","link":"https:\/\/www.interactsolutions.com\/es\/insideout-week-debate-o-futuro-da-transformacao-digital-no-paraguai\/","title":{"rendered":"InsideOut Week debate el futuro de la transformaci\u00f3n digital en Paraguay"},"content":{"rendered":"<p data-start=\"62\" data-end=\"549\"><strong data-start=\"62\" data-end=\"236\">Entre el 24 y el 27 de junio, la ciudad de Asunci\u00f3n, capital de Paraguay, fue el centro de las discusiones sobre el futuro de la transformaci\u00f3n digital en Am\u00e9rica Latina.<\/strong><br data-start=\"236\" data-end=\"239\" \/>La primera edici\u00f3n del <em data-start=\"262\" data-end=\"278\">InsideOut Week<\/em> reuni\u00f3 a especialistas internacionales, l\u00edderes empresariales y profesionales de distintos sectores en una intensa programaci\u00f3n, marcada por el intercambio de experiencias, capacitaciones pr\u00e1cticas y reflexiones sobre el impacto de la tecnolog\u00eda en el viaje del cliente.<\/p>\n<p data-start=\"551\" data-end=\"940\">El punto culminante del evento fue el <em data-start=\"589\" data-end=\"607\">InsideOut Summit<\/em>, realizado el viernes 27 en el Edificio Park Plaza. Con paneles y conferencias conducidos por referentes del escenario internacional, el <em data-start=\"745\" data-end=\"753\">Summit<\/em> abord\u00f3 la aplicaci\u00f3n real de tecnolog\u00edas como la inteligencia artificial y la automatizaci\u00f3n en \u00e1reas estrat\u00e9gicas como la salud, las finanzas, el sector p\u00fablico, el agro y la educaci\u00f3n.<\/p>\n<p data-start=\"942\" data-end=\"1326\">Entre los principales ponentes estuvieron Gart Capote, referente en Experiencia del Cliente y creador del m\u00e9todo \u201cViaje del Cliente\u201d; Iv\u00e1n Lasso, especialista en automatizaci\u00f3n de procesos; Marta Montiel, Afara Salomon, Juan Talavera y Jorge Irala. Los invitados compartieron casos, tendencias y herramientas capaces de transformar la relaci\u00f3n entre las organizaciones y sus p\u00fablicos.<\/p>\n<p><span data-ccp-props=\"{&quot;134233117&quot;:false,&quot;134233118&quot;:false,&quot;335559738&quot;:240,&quot;335559739&quot;:240}\"><img loading=\"lazy\" decoding=\"async\" class=\"aligncenter size-full wp-image-14094\" src=\"http:\/\/www.interactsolutions.com\/wp-content\/uploads\/2025\/07\/1751928758125.jpg\" alt=\"\" width=\"1536\" height=\"1536\" srcset=\"https:\/\/www.interactsolutions.com\/wp-content\/uploads\/2025\/07\/1751928758125.jpg 1536w, https:\/\/www.interactsolutions.com\/wp-content\/uploads\/2025\/07\/1751928758125-1200x1200.jpg 1200w, https:\/\/www.interactsolutions.com\/wp-content\/uploads\/2025\/07\/1751928758125-600x600.jpg 600w, https:\/\/www.interactsolutions.com\/wp-content\/uploads\/2025\/07\/1751928758125-150x150.jpg 150w\" sizes=\"auto, (max-width: 1536px) 100vw, 1536px\" \/> <\/span><\/p>\n<p data-start=\"1328\" data-end=\"1499\">Adem\u00e1s del <em data-start=\"1339\" data-end=\"1347\">Summit<\/em>, la programaci\u00f3n de la semana incluy\u00f3 una capacitaci\u00f3n pr\u00e1ctica liderada por Gart Capote, enfocada en profundizar la metodolog\u00eda del Viaje del Cliente.<\/p>\n<p data-start=\"1501\" data-end=\"1757\">Promovido por InQuality Paraguay, el curso reuni\u00f3 a participantes de diferentes sectores de la econom\u00eda paraguaya, interesados en desarrollar competencias para redise\u00f1ar procesos con un enfoque genuino en la experiencia del usuario y en la mejora continua.<\/p>\n<p><span data-contrast=\"auto\"><img loading=\"lazy\" decoding=\"async\" class=\"aligncenter size-full wp-image-14127\" src=\"http:\/\/www.interactsolutions.com\/wp-content\/uploads\/2025\/07\/1751928743668-1.jpg\" alt=\"\" width=\"1536\" height=\"1536\" srcset=\"https:\/\/www.interactsolutions.com\/wp-content\/uploads\/2025\/07\/1751928743668-1.jpg 1536w, https:\/\/www.interactsolutions.com\/wp-content\/uploads\/2025\/07\/1751928743668-1-1200x1200.jpg 1200w, https:\/\/www.interactsolutions.com\/wp-content\/uploads\/2025\/07\/1751928743668-1-600x600.jpg 600w, https:\/\/www.interactsolutions.com\/wp-content\/uploads\/2025\/07\/1751928743668-1-150x150.jpg 150w\" sizes=\"auto, (max-width: 1536px) 100vw, 1536px\" \/><\/span><\/p>\n<p data-start=\"1759\" data-end=\"1803\"><strong>Gart destac\u00f3 la relevancia de la iniciativa:<\/strong><\/p>\n<blockquote data-start=\"1805\" data-end=\"2089\">\n<p data-start=\"1807\" data-end=\"2089\"><em><strong>\u201cFue una semana riqu\u00edsima en todos los sentidos: personas, ideas, encuentros y muchas reflexiones para los pr\u00f3ximos pasos. Agradezco nuevamente a todas las personas que hicieron posible este evento IMPECABLE y a todos los que se inscribieron y enriquecieron esta incre\u00edble jornada.\u201d<\/strong><\/em><\/p>\n<\/blockquote>\n<p data-start=\"2091\" data-end=\"2466\">Con un enfoque 100% presencial, el <em data-start=\"2126\" data-end=\"2142\">InsideOut Week<\/em> se consolid\u00f3 como un espacio estrat\u00e9gico de innovaci\u00f3n, aprendizaje y conexiones, valorando la sinergia entre los bastidores de las organizaciones y la experiencia entregada al cliente. Un evento que refuerza la urgencia de integrar tecnolog\u00eda, datos y empat\u00eda en modelos de negocio cada vez m\u00e1s centrados en el ser humano.<\/p>\n<p data-start=\"2468\" data-end=\"2765\">La iniciativa cont\u00f3 con el apoyo y patrocinio de Interact Latam, de la C\u00e1mara Paraguaya de Fintech y de la UNIR \u2013 Universidad Internacional de La Rioja, fortaleciendo el compromiso institucional con el desarrollo de una cultura organizacional m\u00e1s digital, colaborativa y orientada a la excelencia.<\/p>\n<p><span data-contrast=\"auto\">\u00a0<\/span><\/p>\n<p><img loading=\"lazy\" decoding=\"async\" class=\"aligncenter size-full wp-image-14130\" src=\"http:\/\/www.interactsolutions.com\/wp-content\/uploads\/2025\/07\/1751928759327-1.jpg\" alt=\"\" width=\"1536\" height=\"1536\" srcset=\"https:\/\/www.interactsolutions.com\/wp-content\/uploads\/2025\/07\/1751928759327-1.jpg 1536w, https:\/\/www.interactsolutions.com\/wp-content\/uploads\/2025\/07\/1751928759327-1-1200x1200.jpg 1200w, https:\/\/www.interactsolutions.com\/wp-content\/uploads\/2025\/07\/1751928759327-1-600x600.jpg 600w, https:\/\/www.interactsolutions.com\/wp-content\/uploads\/2025\/07\/1751928759327-1-150x150.jpg 150w\" sizes=\"auto, (max-width: 1536px) 100vw, 1536px\" \/><\/p>\n","protected":false},"excerpt":{"rendered":"<p>Entre el 24 y el 27 de junio, la ciudad de Asunci\u00f3n, capital de Paraguay, fue el centro de las discusiones sobre el futuro de la transformaci\u00f3n digital en Am\u00e9rica Latina.La primera edici\u00f3n del InsideOut Week reuni\u00f3 a especialistas internacionales,\u2026<\/p>\n","protected":false},"author":2,"featured_media":14135,"comment_status":"closed","ping_status":"closed","sticky":false,"template":"","format":"standard","meta":{"_acf_changed":false,"inline_featured_image":false,"footnotes":""},"categories":[2],"class_list":["post-14137","post","type-post","status-publish","format-standard","has-post-thumbnail","hentry","category-sin-categorizar","tipo-post-noticias-es"],"acf":[],"yoast_head":"<!-- This site is optimized with the Yoast SEO plugin v27.5 - https:\/\/yoast.com\/product\/yoast-seo-wordpress\/ -->\n<title>InsideOut Week debate el futuro de la transformaci\u00f3n digital en Paraguay - Interact Solutions<\/title>\n<meta name=\"description\" content=\"InsideOut Week re\u00fane a l\u00edderes en Asunci\u00f3n y debate el futuro de la transformaci\u00f3n digital y de la experiencia del cliente.\" \/>\n<meta name=\"robots\" content=\"index, follow, max-snippet:-1, max-image-preview:large, max-video-preview:-1\" \/>\n<link rel=\"canonical\" href=\"https:\/\/www.interactsolutions.com\/es\/insideout-week-debate-o-futuro-da-transformacao-digital-no-paraguai\/\" \/>\n<meta property=\"og:locale\" content=\"es_ES\" \/>\n<meta property=\"og:type\" content=\"article\" \/>\n<meta property=\"og:title\" content=\"InsideOut Week debate el futuro de la transformaci\u00f3n digital en Paraguay - Interact Solutions\" \/>\n<meta property=\"og:description\" content=\"InsideOut Week re\u00fane a l\u00edderes en Asunci\u00f3n y debate el futuro de la transformaci\u00f3n digital y de la experiencia del cliente.\" \/>\n<meta property=\"og:url\" content=\"https:\/\/www.interactsolutions.com\/es\/insideout-week-debate-o-futuro-da-transformacao-digital-no-paraguai\/\" \/>\n<meta property=\"og:site_name\" content=\"Interact Solutions\" \/>\n<meta property=\"article:published_time\" content=\"2025-07-11T21:24:48+00:00\" \/>\n<meta property=\"article:modified_time\" content=\"2025-07-11T21:28:02+00:00\" \/>\n<meta property=\"og:image\" content=\"https:\/\/www.interactsolutions.com\/wp-content\/uploads\/2025\/07\/Noticia_Inside-Out-Week_Capa.jpg\" \/>\n\t<meta property=\"og:image:width\" content=\"1920\" \/>\n\t<meta property=\"og:image:height\" content=\"1080\" \/>\n\t<meta property=\"og:image:type\" content=\"image\/jpeg\" \/>\n<meta name=\"author\" content=\"conteudo_1\" \/>\n<meta name=\"twitter:card\" content=\"summary_large_image\" \/>\n<meta name=\"twitter:label1\" content=\"Escrito por\" \/>\n\t<meta name=\"twitter:data1\" content=\"conteudo_1\" \/>\n\t<meta name=\"twitter:label2\" content=\"Tiempo de lectura\" \/>\n\t<meta name=\"twitter:data2\" content=\"3 minutos\" \/>\n<script type=\"application\/ld+json\" class=\"yoast-schema-graph\">{\"@context\":\"https:\\\/\\\/schema.org\",\"@graph\":[{\"@type\":\"Article\",\"@id\":\"https:\\\/\\\/www.interactsolutions.com\\\/es\\\/insideout-week-debate-o-futuro-da-transformacao-digital-no-paraguai\\\/#article\",\"isPartOf\":{\"@id\":\"https:\\\/\\\/www.interactsolutions.com\\\/es\\\/insideout-week-debate-o-futuro-da-transformacao-digital-no-paraguai\\\/\"},\"author\":{\"name\":\"conteudo_1\",\"@id\":\"https:\\\/\\\/www.interactsolutions.com\\\/es\\\/#\\\/schema\\\/person\\\/982cd3d2be55ce6e3d75f5c19d4b2ee6\"},\"headline\":\"InsideOut Week debate el futuro de la transformaci\u00f3n digital en Paraguay\",\"datePublished\":\"2025-07-11T21:24:48+00:00\",\"dateModified\":\"2025-07-11T21:28:02+00:00\",\"mainEntityOfPage\":{\"@id\":\"https:\\\/\\\/www.interactsolutions.com\\\/es\\\/insideout-week-debate-o-futuro-da-transformacao-digital-no-paraguai\\\/\"},\"wordCount\":443,\"image\":{\"@id\":\"https:\\\/\\\/www.interactsolutions.com\\\/es\\\/insideout-week-debate-o-futuro-da-transformacao-digital-no-paraguai\\\/#primaryimage\"},\"thumbnailUrl\":\"https:\\\/\\\/www.interactsolutions.com\\\/wp-content\\\/uploads\\\/2025\\\/07\\\/Noticia_Inside-Out-Week_Capa.jpg\",\"articleSection\":[\"Sin categorizar\"],\"inLanguage\":\"es\"},{\"@type\":\"WebPage\",\"@id\":\"https:\\\/\\\/www.interactsolutions.com\\\/es\\\/insideout-week-debate-o-futuro-da-transformacao-digital-no-paraguai\\\/\",\"url\":\"https:\\\/\\\/www.interactsolutions.com\\\/es\\\/insideout-week-debate-o-futuro-da-transformacao-digital-no-paraguai\\\/\",\"name\":\"InsideOut Week debate el futuro de la transformaci\u00f3n digital en Paraguay - Interact Solutions\",\"isPartOf\":{\"@id\":\"https:\\\/\\\/www.interactsolutions.com\\\/es\\\/#website\"},\"primaryImageOfPage\":{\"@id\":\"https:\\\/\\\/www.interactsolutions.com\\\/es\\\/insideout-week-debate-o-futuro-da-transformacao-digital-no-paraguai\\\/#primaryimage\"},\"image\":{\"@id\":\"https:\\\/\\\/www.interactsolutions.com\\\/es\\\/insideout-week-debate-o-futuro-da-transformacao-digital-no-paraguai\\\/#primaryimage\"},\"thumbnailUrl\":\"https:\\\/\\\/www.interactsolutions.com\\\/wp-content\\\/uploads\\\/2025\\\/07\\\/Noticia_Inside-Out-Week_Capa.jpg\",\"datePublished\":\"2025-07-11T21:24:48+00:00\",\"dateModified\":\"2025-07-11T21:28:02+00:00\",\"author\":{\"@id\":\"https:\\\/\\\/www.interactsolutions.com\\\/es\\\/#\\\/schema\\\/person\\\/982cd3d2be55ce6e3d75f5c19d4b2ee6\"},\"description\":\"InsideOut Week re\u00fane a l\u00edderes en Asunci\u00f3n y debate el futuro de la transformaci\u00f3n digital y de la experiencia del cliente.\",\"inLanguage\":\"es\",\"potentialAction\":[{\"@type\":\"ReadAction\",\"target\":[\"https:\\\/\\\/www.interactsolutions.com\\\/es\\\/insideout-week-debate-o-futuro-da-transformacao-digital-no-paraguai\\\/\"]}]},{\"@type\":\"ImageObject\",\"inLanguage\":\"es\",\"@id\":\"https:\\\/\\\/www.interactsolutions.com\\\/es\\\/insideout-week-debate-o-futuro-da-transformacao-digital-no-paraguai\\\/#primaryimage\",\"url\":\"https:\\\/\\\/www.interactsolutions.com\\\/wp-content\\\/uploads\\\/2025\\\/07\\\/Noticia_Inside-Out-Week_Capa.jpg\",\"contentUrl\":\"https:\\\/\\\/www.interactsolutions.com\\\/wp-content\\\/uploads\\\/2025\\\/07\\\/Noticia_Inside-Out-Week_Capa.jpg\",\"width\":1920,\"height\":1080,\"caption\":\"INSIDEOUT SUMMIT\"},{\"@type\":\"WebSite\",\"@id\":\"https:\\\/\\\/www.interactsolutions.com\\\/es\\\/#website\",\"url\":\"https:\\\/\\\/www.interactsolutions.com\\\/es\\\/\",\"name\":\"Interact Solutions\",\"description\":\"\",\"potentialAction\":[{\"@type\":\"SearchAction\",\"target\":{\"@type\":\"EntryPoint\",\"urlTemplate\":\"https:\\\/\\\/www.interactsolutions.com\\\/es\\\/?s={search_term_string}\"},\"query-input\":{\"@type\":\"PropertyValueSpecification\",\"valueRequired\":true,\"valueName\":\"search_term_string\"}}],\"inLanguage\":\"es\"},{\"@type\":\"Person\",\"@id\":\"https:\\\/\\\/www.interactsolutions.com\\\/es\\\/#\\\/schema\\\/person\\\/982cd3d2be55ce6e3d75f5c19d4b2ee6\",\"name\":\"conteudo_1\"}]}<\/script>\n<!-- \/ Yoast SEO plugin. -->","yoast_head_json":{"title":"InsideOut Week debate el futuro de la transformaci\u00f3n digital en Paraguay - Interact Solutions","description":"InsideOut Week re\u00fane a l\u00edderes en Asunci\u00f3n y debate el futuro de la transformaci\u00f3n digital y de la experiencia del cliente.","robots":{"index":"index","follow":"follow","max-snippet":"max-snippet:-1","max-image-preview":"max-image-preview:large","max-video-preview":"max-video-preview:-1"},"canonical":"https:\/\/www.interactsolutions.com\/es\/insideout-week-debate-o-futuro-da-transformacao-digital-no-paraguai\/","og_locale":"es_ES","og_type":"article","og_title":"InsideOut Week debate el futuro de la transformaci\u00f3n digital en Paraguay - Interact Solutions","og_description":"InsideOut Week re\u00fane a l\u00edderes en Asunci\u00f3n y debate el futuro de la transformaci\u00f3n digital y de la experiencia del cliente.","og_url":"https:\/\/www.interactsolutions.com\/es\/insideout-week-debate-o-futuro-da-transformacao-digital-no-paraguai\/","og_site_name":"Interact Solutions","article_published_time":"2025-07-11T21:24:48+00:00","article_modified_time":"2025-07-11T21:28:02+00:00","og_image":[{"width":1920,"height":1080,"url":"https:\/\/www.interactsolutions.com\/wp-content\/uploads\/2025\/07\/Noticia_Inside-Out-Week_Capa.jpg","type":"image\/jpeg"}],"author":"conteudo_1","twitter_card":"summary_large_image","twitter_misc":{"Escrito por":"conteudo_1","Tiempo de lectura":"3 minutos"},"schema":{"@context":"https:\/\/schema.org","@graph":[{"@type":"Article","@id":"https:\/\/www.interactsolutions.com\/es\/insideout-week-debate-o-futuro-da-transformacao-digital-no-paraguai\/#article","isPartOf":{"@id":"https:\/\/www.interactsolutions.com\/es\/insideout-week-debate-o-futuro-da-transformacao-digital-no-paraguai\/"},"author":{"name":"conteudo_1","@id":"https:\/\/www.interactsolutions.com\/es\/#\/schema\/person\/982cd3d2be55ce6e3d75f5c19d4b2ee6"},"headline":"InsideOut Week debate el futuro de la transformaci\u00f3n digital en Paraguay","datePublished":"2025-07-11T21:24:48+00:00","dateModified":"2025-07-11T21:28:02+00:00","mainEntityOfPage":{"@id":"https:\/\/www.interactsolutions.com\/es\/insideout-week-debate-o-futuro-da-transformacao-digital-no-paraguai\/"},"wordCount":443,"image":{"@id":"https:\/\/www.interactsolutions.com\/es\/insideout-week-debate-o-futuro-da-transformacao-digital-no-paraguai\/#primaryimage"},"thumbnailUrl":"https:\/\/www.interactsolutions.com\/wp-content\/uploads\/2025\/07\/Noticia_Inside-Out-Week_Capa.jpg","articleSection":["Sin categorizar"],"inLanguage":"es"},{"@type":"WebPage","@id":"https:\/\/www.interactsolutions.com\/es\/insideout-week-debate-o-futuro-da-transformacao-digital-no-paraguai\/","url":"https:\/\/www.interactsolutions.com\/es\/insideout-week-debate-o-futuro-da-transformacao-digital-no-paraguai\/","name":"InsideOut Week debate el futuro de la transformaci\u00f3n digital en Paraguay - Interact Solutions","isPartOf":{"@id":"https:\/\/www.interactsolutions.com\/es\/#website"},"primaryImageOfPage":{"@id":"https:\/\/www.interactsolutions.com\/es\/insideout-week-debate-o-futuro-da-transformacao-digital-no-paraguai\/#primaryimage"},"image":{"@id":"https:\/\/www.interactsolutions.com\/es\/insideout-week-debate-o-futuro-da-transformacao-digital-no-paraguai\/#primaryimage"},"thumbnailUrl":"https:\/\/www.interactsolutions.com\/wp-content\/uploads\/2025\/07\/Noticia_Inside-Out-Week_Capa.jpg","datePublished":"2025-07-11T21:24:48+00:00","dateModified":"2025-07-11T21:28:02+00:00","author":{"@id":"https:\/\/www.interactsolutions.com\/es\/#\/schema\/person\/982cd3d2be55ce6e3d75f5c19d4b2ee6"},"description":"InsideOut Week re\u00fane a l\u00edderes en Asunci\u00f3n y debate el futuro de la transformaci\u00f3n digital y de la experiencia del cliente.","inLanguage":"es","potentialAction":[{"@type":"ReadAction","target":["https:\/\/www.interactsolutions.com\/es\/insideout-week-debate-o-futuro-da-transformacao-digital-no-paraguai\/"]}]},{"@type":"ImageObject","inLanguage":"es","@id":"https:\/\/www.interactsolutions.com\/es\/insideout-week-debate-o-futuro-da-transformacao-digital-no-paraguai\/#primaryimage","url":"https:\/\/www.interactsolutions.com\/wp-content\/uploads\/2025\/07\/Noticia_Inside-Out-Week_Capa.jpg","contentUrl":"https:\/\/www.interactsolutions.com\/wp-content\/uploads\/2025\/07\/Noticia_Inside-Out-Week_Capa.jpg","width":1920,"height":1080,"caption":"INSIDEOUT SUMMIT"},{"@type":"WebSite","@id":"https:\/\/www.interactsolutions.com\/es\/#website","url":"https:\/\/www.interactsolutions.com\/es\/","name":"Interact Solutions","description":"","potentialAction":[{"@type":"SearchAction","target":{"@type":"EntryPoint","urlTemplate":"https:\/\/www.interactsolutions.com\/es\/?s={search_term_string}"},"query-input":{"@type":"PropertyValueSpecification","valueRequired":true,"valueName":"search_term_string"}}],"inLanguage":"es"},{"@type":"Person","@id":"https:\/\/www.interactsolutions.com\/es\/#\/schema\/person\/982cd3d2be55ce6e3d75f5c19d4b2ee6","name":"conteudo_1"}]}},"_links":{"self":[{"href":"https:\/\/www.interactsolutions.com\/es\/wp-json\/wp\/v2\/posts\/14137","targetHints":{"allow":["GET"]}}],"collection":[{"href":"https:\/\/www.interactsolutions.com\/es\/wp-json\/wp\/v2\/posts"}],"about":[{"href":"https:\/\/www.interactsolutions.com\/es\/wp-json\/wp\/v2\/types\/post"}],"author":[{"embeddable":true,"href":"https:\/\/www.interactsolutions.com\/es\/wp-json\/wp\/v2\/users\/2"}],"replies":[{"embeddable":true,"href":"https:\/\/www.interactsolutions.com\/es\/wp-json\/wp\/v2\/comments?post=14137"}],"version-history":[{"count":2,"href":"https:\/\/www.interactsolutions.com\/es\/wp-json\/wp\/v2\/posts\/14137\/revisions"}],"predecessor-version":[{"id":14139,"href":"https:\/\/www.interactsolutions.com\/es\/wp-json\/wp\/v2\/posts\/14137\/revisions\/14139"}],"wp:featuredmedia":[{"embeddable":true,"href":"https:\/\/www.interactsolutions.com\/es\/wp-json\/wp\/v2\/media\/14135"}],"wp:attachment":[{"href":"https:\/\/www.interactsolutions.com\/es\/wp-json\/wp\/v2\/media?parent=14137"}],"wp:term":[{"taxonomy":"category","embeddable":true,"href":"https:\/\/www.interactsolutions.com\/es\/wp-json\/wp\/v2\/categories?post=14137"}],"curies":[{"name":"wp","href":"https:\/\/api.w.org\/{rel}","templated":true}]}}