{"id":15387,"date":"2025-09-25T15:29:28","date_gmt":"2025-09-25T18:29:28","guid":{"rendered":"https:\/\/www.interactsolutions.com\/?p=15387"},"modified":"2025-09-25T15:34:25","modified_gmt":"2025-09-25T18:34:25","slug":"interact-marco-presencia-en-el-20o-pmi-rio-summit","status":"publish","type":"post","link":"https:\/\/www.interactsolutions.com\/es\/interact-marco-presencia-en-el-20o-pmi-rio-summit\/","title":{"rendered":"Interact marc\u00f3 presencia en el 20\u00ba PMI Rio Summit"},"content":{"rendered":"<p>Durante los d\u00edas 18 y 19\/09, tuvo lugar el <strong>20\u00ba PMI Rio Summit<\/strong> en el Prodigy Hotel, en el centro de R\u00edo de Janeiro. El evento, organizado por PMI Brasil y PMI R\u00edo de Janeiro, reuni\u00f3 a los principales referentes del mercado y a profesionales del \u00e1rea para debatir sobre la<strong> Inteligencia Artificial: la Reinvenci\u00f3n de los Proyectos<\/strong>.<\/p>\n<p>En esta edici\u00f3n, adem\u00e1s de ser patrocinadora, Interact tambi\u00e9n tuvo la oportunidad de presentar un caso de \u00e9xito junto con la socia <a href=\"https:\/\/www.linkedin.com\/in\/renata\/\" target=\"_blank\" rel=\"noopener\">Renata Lopes<\/a>, directora y fundadora de <a href=\"https:\/\/tecnologiahumana.com\/\" target=\"_blank\" rel=\"noopener\">Tecnolog\u00eda Humana<\/a>, y <a href=\"https:\/\/www.linkedin.com\/in\/mario-gagliardo-filho\/\" target=\"_blank\" rel=\"noopener\">Mario Gagliardo<\/a>, Coordinador de Tecnolog\u00eda de la Informaci\u00f3n en <a href=\"https:\/\/www.linkedin.com\/company\/dfl-produtos-odontologicos\/\" target=\"_blank\" rel=\"noopener\">DFL Industria y Comercio SA<\/a>, cliente de Interact.<\/p>\n<p>La ponencia<strong> \u201cGesti\u00f3n de Proyectos como Base para la Gesti\u00f3n de Riesgos\u201d<\/strong> abord\u00f3 el caso real de adecuaci\u00f3n a la LGPD, cuyo mayor desaf\u00edo fue estructurar el \u00e1rea de seguridad de la informaci\u00f3n de DFL, guiada por el concepto de <strong>gesti\u00f3n de riesgos y contando con el apoyo de la gesti\u00f3n de proyectos de manera integrada<\/strong>, utilizando <a href=\"https:\/\/www.interactsolutions.com\/es\/interact-suite-sa\/\" target=\"_blank\" rel=\"noopener\">Interact Suite SA<\/a>.<\/p>\n<p><img loading=\"lazy\" decoding=\"async\" class=\" wp-image-15385 aligncenter\" src=\"http:\/\/www.interactsolutions.com\/wp-content\/uploads\/2025\/09\/WhatsApp-Image-2025-09-19-at-16.48.28-1200x900.jpeg\" alt=\"\" width=\"636\" height=\"477\" srcset=\"https:\/\/www.interactsolutions.com\/wp-content\/uploads\/2025\/09\/WhatsApp-Image-2025-09-19-at-16.48.28-1200x900.jpeg 1200w, https:\/\/www.interactsolutions.com\/wp-content\/uploads\/2025\/09\/WhatsApp-Image-2025-09-19-at-16.48.28-600x450.jpeg 600w, https:\/\/www.interactsolutions.com\/wp-content\/uploads\/2025\/09\/WhatsApp-Image-2025-09-19-at-16.48.28-150x113.jpeg 150w, https:\/\/www.interactsolutions.com\/wp-content\/uploads\/2025\/09\/WhatsApp-Image-2025-09-19-at-16.48.28.jpeg 1280w\" sizes=\"auto, (max-width: 636px) 100vw, 636px\" \/><\/p>\n<p><a href=\"https:\/\/www.linkedin.com\/in\/tain%C3%A1-klein-521227199\/\" target=\"_blank\" rel=\"noopener\">Tain\u00e1 Klein<\/a>, Consultora de Proyectos del \u00c1rea de Proyectos al Cliente de Interact, destaca la importancia de encuentros como este para conectar personas, <strong>compartir aprendizajes y fortalecer la comunidad<\/strong> de profesionales del \u00e1rea.<\/p>\n<p>\u201cParticipar en el 20\u00b0 PMI Rio Summit representando a Interact fue una experiencia sumamente enriquecedora. Estar en el stand me permiti\u00f3 conocer a profesionales comprometidos con la gesti\u00f3n de proyectos, presentar nuestro trabajo e intercambiar experiencias y conocimientos valiosos.\u201d \u2013 comenta Tain\u00e1.<\/p>\n<p>Interact cont\u00f3 con un stand propio en el evento y recibi\u00f3 a numerosos visitantes, incluidos socios de Interact, como es el caso de <a href=\"https:\/\/www.linkedin.com\/in\/andrequalidade\/\" target=\"_blank\" rel=\"noopener\">Andr\u00e9 Lopes<\/a>, de <a href=\"https:\/\/www.linkedin.com\/company\/conceito-consultoria-e-projetos\/\" target=\"_blank\" rel=\"noopener\">Conceito Q<\/a>.<\/p>\n<p>\u201cCreo en muchas maneras de multiplicar el conocimiento, y la presencia en eventos sin duda se destaca en este proceso. El PMI Rio Summit cumpli\u00f3 con esta expectativa con su tema central, la IA, los profesionales seleccionados para debates y presentaciones, adem\u00e1s del pionerismo que posee en la fundamentaci\u00f3n de las Buenas Pr\u00e1cticas de Proyectos.\u201d \u2013 destaca Andr\u00e9.<\/p>\n<p>La aproximaci\u00f3n de Interact con instituciones como los <strong>PMI<\/strong>, y la participaci\u00f3n en eventos similares, son acciones que forman parte de la estrategia de actuaci\u00f3n de la empresa, la cual busca colaborar en la <strong>transformaci\u00f3n de la gesti\u00f3n empresarial<\/strong>, adem\u00e1s de <strong>desmitificar y difundir las buenas pr\u00e1cticas de gesti\u00f3n de proyectos<\/strong>.<\/p>\n","protected":false},"excerpt":{"rendered":"<p>Durante los d\u00edas 18 y 19\/09, tuvo lugar el 20\u00ba PMI Rio Summit en el Prodigy Hotel, en el centro de R\u00edo de Janeiro. El evento, organizado por PMI Brasil y PMI R\u00edo de Janeiro, reuni\u00f3 a los principales referentes\u2026<\/p>\n","protected":false},"author":3,"featured_media":15382,"comment_status":"closed","ping_status":"closed","sticky":false,"template":"","format":"standard","meta":{"_acf_changed":false,"inline_featured_image":false,"footnotes":""},"categories":[2],"class_list":["post-15387","post","type-post","status-publish","format-standard","has-post-thumbnail","hentry","category-sin-categorizar","tipo-post-noticias-es"],"acf":[],"yoast_head":"<!-- This site is optimized with the Yoast SEO plugin v27.5 - https:\/\/yoast.com\/product\/yoast-seo-wordpress\/ -->\n<title>Interact marc\u00f3 presencia en el 20\u00ba PMI Rio Summit - Interact Solutions<\/title>\n<meta name=\"description\" content=\"El 20\u00ba PMI Rio Summit se llev\u00f3 a cabo los d\u00edas 18 y 19\/09, en R\u00edo de Janeiro, y reuni\u00f3 a profesionales para debatir sobre la Inteligencia Artificial.\" \/>\n<meta name=\"robots\" content=\"index, follow, max-snippet:-1, max-image-preview:large, max-video-preview:-1\" \/>\n<link rel=\"canonical\" href=\"https:\/\/www.interactsolutions.com\/es\/interact-marco-presencia-en-el-20o-pmi-rio-summit\/\" \/>\n<meta property=\"og:locale\" content=\"es_ES\" \/>\n<meta property=\"og:type\" content=\"article\" \/>\n<meta property=\"og:title\" content=\"Interact marc\u00f3 presencia en el 20\u00ba PMI Rio Summit - Interact Solutions\" \/>\n<meta property=\"og:description\" content=\"El 20\u00ba PMI Rio Summit se llev\u00f3 a cabo los d\u00edas 18 y 19\/09, en R\u00edo de Janeiro, y reuni\u00f3 a profesionales para debatir sobre la Inteligencia Artificial.\" \/>\n<meta property=\"og:url\" content=\"https:\/\/www.interactsolutions.com\/es\/interact-marco-presencia-en-el-20o-pmi-rio-summit\/\" \/>\n<meta property=\"og:site_name\" content=\"Interact Solutions\" \/>\n<meta property=\"article:published_time\" content=\"2025-09-25T18:29:28+00:00\" \/>\n<meta property=\"article:modified_time\" content=\"2025-09-25T18:34:25+00:00\" \/>\n<meta property=\"og:image\" content=\"https:\/\/www.interactsolutions.com\/wp-content\/uploads\/2025\/09\/Capa_Noticia-PMI-Rio-Summit.png\" \/>\n\t<meta property=\"og:image:width\" content=\"1920\" \/>\n\t<meta property=\"og:image:height\" content=\"1080\" \/>\n\t<meta property=\"og:image:type\" content=\"image\/png\" \/>\n<meta name=\"author\" content=\"conteudo_2\" \/>\n<meta name=\"twitter:card\" content=\"summary_large_image\" \/>\n<meta name=\"twitter:label1\" content=\"Escrito por\" \/>\n\t<meta name=\"twitter:data1\" content=\"conteudo_2\" \/>\n\t<meta name=\"twitter:label2\" content=\"Tiempo de lectura\" \/>\n\t<meta name=\"twitter:data2\" content=\"3 minutos\" \/>\n<script type=\"application\/ld+json\" class=\"yoast-schema-graph\">{\"@context\":\"https:\\\/\\\/schema.org\",\"@graph\":[{\"@type\":\"Article\",\"@id\":\"https:\\\/\\\/www.interactsolutions.com\\\/es\\\/interact-marco-presencia-en-el-20o-pmi-rio-summit\\\/#article\",\"isPartOf\":{\"@id\":\"https:\\\/\\\/www.interactsolutions.com\\\/es\\\/interact-marco-presencia-en-el-20o-pmi-rio-summit\\\/\"},\"author\":{\"name\":\"conteudo_2\",\"@id\":\"https:\\\/\\\/www.interactsolutions.com\\\/es\\\/#\\\/schema\\\/person\\\/68a2f4ee4f57a8ccb8862de4c85c21f5\"},\"headline\":\"Interact marc\u00f3 presencia en el 20\u00ba PMI Rio Summit\",\"datePublished\":\"2025-09-25T18:29:28+00:00\",\"dateModified\":\"2025-09-25T18:34:25+00:00\",\"mainEntityOfPage\":{\"@id\":\"https:\\\/\\\/www.interactsolutions.com\\\/es\\\/interact-marco-presencia-en-el-20o-pmi-rio-summit\\\/\"},\"wordCount\":409,\"image\":{\"@id\":\"https:\\\/\\\/www.interactsolutions.com\\\/es\\\/interact-marco-presencia-en-el-20o-pmi-rio-summit\\\/#primaryimage\"},\"thumbnailUrl\":\"https:\\\/\\\/www.interactsolutions.com\\\/wp-content\\\/uploads\\\/2025\\\/09\\\/Capa_Noticia-PMI-Rio-Summit.png\",\"articleSection\":[\"Sin categorizar\"],\"inLanguage\":\"es\"},{\"@type\":\"WebPage\",\"@id\":\"https:\\\/\\\/www.interactsolutions.com\\\/es\\\/interact-marco-presencia-en-el-20o-pmi-rio-summit\\\/\",\"url\":\"https:\\\/\\\/www.interactsolutions.com\\\/es\\\/interact-marco-presencia-en-el-20o-pmi-rio-summit\\\/\",\"name\":\"Interact marc\u00f3 presencia en el 20\u00ba PMI Rio Summit - Interact Solutions\",\"isPartOf\":{\"@id\":\"https:\\\/\\\/www.interactsolutions.com\\\/es\\\/#website\"},\"primaryImageOfPage\":{\"@id\":\"https:\\\/\\\/www.interactsolutions.com\\\/es\\\/interact-marco-presencia-en-el-20o-pmi-rio-summit\\\/#primaryimage\"},\"image\":{\"@id\":\"https:\\\/\\\/www.interactsolutions.com\\\/es\\\/interact-marco-presencia-en-el-20o-pmi-rio-summit\\\/#primaryimage\"},\"thumbnailUrl\":\"https:\\\/\\\/www.interactsolutions.com\\\/wp-content\\\/uploads\\\/2025\\\/09\\\/Capa_Noticia-PMI-Rio-Summit.png\",\"datePublished\":\"2025-09-25T18:29:28+00:00\",\"dateModified\":\"2025-09-25T18:34:25+00:00\",\"author\":{\"@id\":\"https:\\\/\\\/www.interactsolutions.com\\\/es\\\/#\\\/schema\\\/person\\\/68a2f4ee4f57a8ccb8862de4c85c21f5\"},\"description\":\"El 20\u00ba PMI Rio Summit se llev\u00f3 a cabo los d\u00edas 18 y 19\\\/09, en R\u00edo de Janeiro, y reuni\u00f3 a profesionales para debatir sobre la Inteligencia Artificial.\",\"inLanguage\":\"es\",\"potentialAction\":[{\"@type\":\"ReadAction\",\"target\":[\"https:\\\/\\\/www.interactsolutions.com\\\/es\\\/interact-marco-presencia-en-el-20o-pmi-rio-summit\\\/\"]}]},{\"@type\":\"ImageObject\",\"inLanguage\":\"es\",\"@id\":\"https:\\\/\\\/www.interactsolutions.com\\\/es\\\/interact-marco-presencia-en-el-20o-pmi-rio-summit\\\/#primaryimage\",\"url\":\"https:\\\/\\\/www.interactsolutions.com\\\/wp-content\\\/uploads\\\/2025\\\/09\\\/Capa_Noticia-PMI-Rio-Summit.png\",\"contentUrl\":\"https:\\\/\\\/www.interactsolutions.com\\\/wp-content\\\/uploads\\\/2025\\\/09\\\/Capa_Noticia-PMI-Rio-Summit.png\",\"width\":1920,\"height\":1080,\"caption\":\"PMI Rio Summit\"},{\"@type\":\"WebSite\",\"@id\":\"https:\\\/\\\/www.interactsolutions.com\\\/es\\\/#website\",\"url\":\"https:\\\/\\\/www.interactsolutions.com\\\/es\\\/\",\"name\":\"Interact Solutions\",\"description\":\"\",\"potentialAction\":[{\"@type\":\"SearchAction\",\"target\":{\"@type\":\"EntryPoint\",\"urlTemplate\":\"https:\\\/\\\/www.interactsolutions.com\\\/es\\\/?s={search_term_string}\"},\"query-input\":{\"@type\":\"PropertyValueSpecification\",\"valueRequired\":true,\"valueName\":\"search_term_string\"}}],\"inLanguage\":\"es\"},{\"@type\":\"Person\",\"@id\":\"https:\\\/\\\/www.interactsolutions.com\\\/es\\\/#\\\/schema\\\/person\\\/68a2f4ee4f57a8ccb8862de4c85c21f5\",\"name\":\"conteudo_2\"}]}<\/script>\n<!-- \/ Yoast SEO plugin. -->","yoast_head_json":{"title":"Interact marc\u00f3 presencia en el 20\u00ba PMI Rio Summit - Interact Solutions","description":"El 20\u00ba PMI Rio Summit se llev\u00f3 a cabo los d\u00edas 18 y 19\/09, en R\u00edo de Janeiro, y reuni\u00f3 a profesionales para debatir sobre la Inteligencia Artificial.","robots":{"index":"index","follow":"follow","max-snippet":"max-snippet:-1","max-image-preview":"max-image-preview:large","max-video-preview":"max-video-preview:-1"},"canonical":"https:\/\/www.interactsolutions.com\/es\/interact-marco-presencia-en-el-20o-pmi-rio-summit\/","og_locale":"es_ES","og_type":"article","og_title":"Interact marc\u00f3 presencia en el 20\u00ba PMI Rio Summit - Interact Solutions","og_description":"El 20\u00ba PMI Rio Summit se llev\u00f3 a cabo los d\u00edas 18 y 19\/09, en R\u00edo de Janeiro, y reuni\u00f3 a profesionales para debatir sobre la Inteligencia Artificial.","og_url":"https:\/\/www.interactsolutions.com\/es\/interact-marco-presencia-en-el-20o-pmi-rio-summit\/","og_site_name":"Interact Solutions","article_published_time":"2025-09-25T18:29:28+00:00","article_modified_time":"2025-09-25T18:34:25+00:00","og_image":[{"url":"https:\/\/www.interactsolutions.com\/wp-content\/uploads\/2025\/09\/Capa_Noticia-PMI-Rio-Summit.png","width":1920,"height":1080,"type":"image\/png"}],"author":"conteudo_2","twitter_card":"summary_large_image","twitter_misc":{"Escrito por":"conteudo_2","Tiempo de lectura":"3 minutos"},"schema":{"@context":"https:\/\/schema.org","@graph":[{"@type":"Article","@id":"https:\/\/www.interactsolutions.com\/es\/interact-marco-presencia-en-el-20o-pmi-rio-summit\/#article","isPartOf":{"@id":"https:\/\/www.interactsolutions.com\/es\/interact-marco-presencia-en-el-20o-pmi-rio-summit\/"},"author":{"name":"conteudo_2","@id":"https:\/\/www.interactsolutions.com\/es\/#\/schema\/person\/68a2f4ee4f57a8ccb8862de4c85c21f5"},"headline":"Interact marc\u00f3 presencia en el 20\u00ba PMI Rio Summit","datePublished":"2025-09-25T18:29:28+00:00","dateModified":"2025-09-25T18:34:25+00:00","mainEntityOfPage":{"@id":"https:\/\/www.interactsolutions.com\/es\/interact-marco-presencia-en-el-20o-pmi-rio-summit\/"},"wordCount":409,"image":{"@id":"https:\/\/www.interactsolutions.com\/es\/interact-marco-presencia-en-el-20o-pmi-rio-summit\/#primaryimage"},"thumbnailUrl":"https:\/\/www.interactsolutions.com\/wp-content\/uploads\/2025\/09\/Capa_Noticia-PMI-Rio-Summit.png","articleSection":["Sin categorizar"],"inLanguage":"es"},{"@type":"WebPage","@id":"https:\/\/www.interactsolutions.com\/es\/interact-marco-presencia-en-el-20o-pmi-rio-summit\/","url":"https:\/\/www.interactsolutions.com\/es\/interact-marco-presencia-en-el-20o-pmi-rio-summit\/","name":"Interact marc\u00f3 presencia en el 20\u00ba PMI Rio Summit - Interact Solutions","isPartOf":{"@id":"https:\/\/www.interactsolutions.com\/es\/#website"},"primaryImageOfPage":{"@id":"https:\/\/www.interactsolutions.com\/es\/interact-marco-presencia-en-el-20o-pmi-rio-summit\/#primaryimage"},"image":{"@id":"https:\/\/www.interactsolutions.com\/es\/interact-marco-presencia-en-el-20o-pmi-rio-summit\/#primaryimage"},"thumbnailUrl":"https:\/\/www.interactsolutions.com\/wp-content\/uploads\/2025\/09\/Capa_Noticia-PMI-Rio-Summit.png","datePublished":"2025-09-25T18:29:28+00:00","dateModified":"2025-09-25T18:34:25+00:00","author":{"@id":"https:\/\/www.interactsolutions.com\/es\/#\/schema\/person\/68a2f4ee4f57a8ccb8862de4c85c21f5"},"description":"El 20\u00ba PMI Rio Summit se llev\u00f3 a cabo los d\u00edas 18 y 19\/09, en R\u00edo de Janeiro, y reuni\u00f3 a profesionales para debatir sobre la Inteligencia Artificial.","inLanguage":"es","potentialAction":[{"@type":"ReadAction","target":["https:\/\/www.interactsolutions.com\/es\/interact-marco-presencia-en-el-20o-pmi-rio-summit\/"]}]},{"@type":"ImageObject","inLanguage":"es","@id":"https:\/\/www.interactsolutions.com\/es\/interact-marco-presencia-en-el-20o-pmi-rio-summit\/#primaryimage","url":"https:\/\/www.interactsolutions.com\/wp-content\/uploads\/2025\/09\/Capa_Noticia-PMI-Rio-Summit.png","contentUrl":"https:\/\/www.interactsolutions.com\/wp-content\/uploads\/2025\/09\/Capa_Noticia-PMI-Rio-Summit.png","width":1920,"height":1080,"caption":"PMI Rio Summit"},{"@type":"WebSite","@id":"https:\/\/www.interactsolutions.com\/es\/#website","url":"https:\/\/www.interactsolutions.com\/es\/","name":"Interact Solutions","description":"","potentialAction":[{"@type":"SearchAction","target":{"@type":"EntryPoint","urlTemplate":"https:\/\/www.interactsolutions.com\/es\/?s={search_term_string}"},"query-input":{"@type":"PropertyValueSpecification","valueRequired":true,"valueName":"search_term_string"}}],"inLanguage":"es"},{"@type":"Person","@id":"https:\/\/www.interactsolutions.com\/es\/#\/schema\/person\/68a2f4ee4f57a8ccb8862de4c85c21f5","name":"conteudo_2"}]}},"_links":{"self":[{"href":"https:\/\/www.interactsolutions.com\/es\/wp-json\/wp\/v2\/posts\/15387","targetHints":{"allow":["GET"]}}],"collection":[{"href":"https:\/\/www.interactsolutions.com\/es\/wp-json\/wp\/v2\/posts"}],"about":[{"href":"https:\/\/www.interactsolutions.com\/es\/wp-json\/wp\/v2\/types\/post"}],"author":[{"embeddable":true,"href":"https:\/\/www.interactsolutions.com\/es\/wp-json\/wp\/v2\/users\/3"}],"replies":[{"embeddable":true,"href":"https:\/\/www.interactsolutions.com\/es\/wp-json\/wp\/v2\/comments?post=15387"}],"version-history":[{"count":1,"href":"https:\/\/www.interactsolutions.com\/es\/wp-json\/wp\/v2\/posts\/15387\/revisions"}],"predecessor-version":[{"id":15388,"href":"https:\/\/www.interactsolutions.com\/es\/wp-json\/wp\/v2\/posts\/15387\/revisions\/15388"}],"wp:featuredmedia":[{"embeddable":true,"href":"https:\/\/www.interactsolutions.com\/es\/wp-json\/wp\/v2\/media\/15382"}],"wp:attachment":[{"href":"https:\/\/www.interactsolutions.com\/es\/wp-json\/wp\/v2\/media?parent=15387"}],"wp:term":[{"taxonomy":"category","embeddable":true,"href":"https:\/\/www.interactsolutions.com\/es\/wp-json\/wp\/v2\/categories?post=15387"}],"curies":[{"name":"wp","href":"https:\/\/api.w.org\/{rel}","templated":true}]}}