{"id":15855,"date":"2025-12-09T11:55:28","date_gmt":"2025-12-09T14:55:28","guid":{"rendered":"https:\/\/www.interactsolutions.com\/?p=15855"},"modified":"2025-12-09T13:43:15","modified_gmt":"2025-12-09T16:43:15","slug":"interact-participa-en-eventos-en-santa-catarina","status":"publish","type":"post","link":"https:\/\/www.interactsolutions.com\/es\/interact-participa-en-eventos-en-santa-catarina\/","title":{"rendered":"Interact participa en eventos en Santa Catarina"},"content":{"rendered":"<p>Interact estuvo presente en eventos en Santa Catarina a lo largo del mes de noviembre, marcando el cierre de la agenda de eventos de 2025.<\/p>\n<p>Los d\u00edas 26 y 27\/11 tuvo lugar el IV Eproc Day, organizado por la <a href=\"https:\/\/www.sc.gov.br\/orgaos\/secretaria-de-estado-do-planejamento\" target=\"_blank\" rel=\"noopener\">Secretar\u00eda de Estado de Planificaci\u00f3n de Santa Catarina<\/a> y por la Oficina de Gesti\u00f3n de Procesos (EPROC) del municipio. El evento abord\u00f3 la <strong>transformaci\u00f3n digital basada en procesos y la inteligencia artificial<\/strong>.<\/p>\n<p><img loading=\"lazy\" decoding=\"async\" class=\" wp-image-15847 aligncenter\" src=\"http:\/\/www.interactsolutions.com\/wp-content\/uploads\/2025\/12\/WhatsApp-Image-2025-11-26-at-13.22.56-1-1200x900.jpeg\" alt=\"\" width=\"439\" height=\"329\" srcset=\"https:\/\/www.interactsolutions.com\/wp-content\/uploads\/2025\/12\/WhatsApp-Image-2025-11-26-at-13.22.56-1-1200x900.jpeg 1200w, https:\/\/www.interactsolutions.com\/wp-content\/uploads\/2025\/12\/WhatsApp-Image-2025-11-26-at-13.22.56-1-600x450.jpeg 600w, https:\/\/www.interactsolutions.com\/wp-content\/uploads\/2025\/12\/WhatsApp-Image-2025-11-26-at-13.22.56-1-150x113.jpeg 150w, https:\/\/www.interactsolutions.com\/wp-content\/uploads\/2025\/12\/WhatsApp-Image-2025-11-26-at-13.22.56-1.jpeg 1600w\" sizes=\"auto, (max-width: 439px) 100vw, 439px\" \/><\/p>\n<p>&nbsp;<\/p>\n<p>En la ocasi\u00f3n, socios de Interact como <strong>Viviane H\u00e9rica Silva Vieira, presidenta de ABPMP Brasil, y Nicir Chaves, presidenta de iGOVi<\/strong>, tuvieron la oportunidad de impartir conferencias. Viviane abord\u00f3 la <strong>Gesti\u00f3n de Procesos, la IA y las Ciudades Inteligentes<\/strong>, mientras que Nicir present\u00f3 sobre la <strong>Cadena de Valor como Instrumento de Gesti\u00f3n por Procesos<\/strong>.<\/p>\n<p>Ya en la tarde del 27\/11, fue el momento de prestigiar al socio <a href=\"https:\/\/www.excelenciasc.com.br\/\" target=\"_blank\" rel=\"noopener\">Movimiento Catarinense por la Excelencia<\/a> en una nueva edici\u00f3n del Premio Catarinense de la Excelencia, que celebr\u00f3 los 20 a\u00f1os de dedicaci\u00f3n a la excelencia en la gesti\u00f3n en Santa Catarina y reconoci\u00f3 a los mejores del a\u00f1o.<\/p>\n<p>La mayor\u00eda de las iniciativas premiadas ten\u00edan en com\u00fan una gesti\u00f3n orientada a datos y una cultura de mejora continua, factores imprescindibles para garantizar la excelencia en la gesti\u00f3n.<\/p>\n<p><img loading=\"lazy\" decoding=\"async\" class=\" wp-image-15850 aligncenter\" src=\"http:\/\/www.interactsolutions.com\/wp-content\/uploads\/2025\/12\/WhatsApp-Image-2025-11-27-at-14.06.59-675x1200.jpeg\" alt=\"\" width=\"264\" height=\"469\" srcset=\"https:\/\/www.interactsolutions.com\/wp-content\/uploads\/2025\/12\/WhatsApp-Image-2025-11-27-at-14.06.59-675x1200.jpeg 675w, https:\/\/www.interactsolutions.com\/wp-content\/uploads\/2025\/12\/WhatsApp-Image-2025-11-27-at-14.06.59-338x600.jpeg 338w, https:\/\/www.interactsolutions.com\/wp-content\/uploads\/2025\/12\/WhatsApp-Image-2025-11-27-at-14.06.59-84x150.jpeg 84w, https:\/\/www.interactsolutions.com\/wp-content\/uploads\/2025\/12\/WhatsApp-Image-2025-11-27-at-14.06.59.jpeg 900w\" sizes=\"auto, (max-width: 264px) 100vw, 264px\" \/><\/p>\n<p>\u201cFue un placer asistir a una nueva edici\u00f3n de la premiaci\u00f3n de este socio tan importante para Interact y observar la evoluci\u00f3n de la excelencia entre los participantes. Tambi\u00e9n fue una gran oportunidad para ampliar la red de contactos, reforzando las conexiones que construimos durante el a\u00f1o con empresas y l\u00edderes de Santa Catarina.\u201d \u2013 destaca <a href=\"https:\/\/www.linkedin.com\/in\/dami%C3%A3o-becker-a48a789b\/\" target=\"_blank\" rel=\"noopener\">Dami\u00e3o Becker<\/a>, Consultor de Negocios de Interact.<\/p>\n<p>Finalmente, el 28\/11 tuvo lugar la 5\u00aa edici\u00f3n del Premio <a href=\"https:\/\/pmisc.org.br\/\" target=\"_blank\" rel=\"noopener\">PMI-SC<\/a> \u201cMejores del A\u00f1o\u201d. La programaci\u00f3n de la premiaci\u00f3n incluy\u00f3 la conferencia <strong>\u201cEl PMO como motor del rendimiento\u201d<\/strong>, impartida por <a href=\"https:\/\/www.linkedin.com\/in\/alexandremprodrigues\/\" target=\"_blank\" rel=\"noopener\">Alexandre Penteado<\/a>, L\u00edder del PMO Corporativo de AESC, cliente de Interact.<\/p>\n<p><img loading=\"lazy\" decoding=\"async\" class=\" wp-image-15853 aligncenter\" src=\"http:\/\/www.interactsolutions.com\/wp-content\/uploads\/2025\/12\/WhatsApp-Image-2025-11-28-at-15.31.39-1200x900.jpeg\" alt=\"\" width=\"400\" height=\"300\" srcset=\"https:\/\/www.interactsolutions.com\/wp-content\/uploads\/2025\/12\/WhatsApp-Image-2025-11-28-at-15.31.39-1200x900.jpeg 1200w, https:\/\/www.interactsolutions.com\/wp-content\/uploads\/2025\/12\/WhatsApp-Image-2025-11-28-at-15.31.39-600x450.jpeg 600w, https:\/\/www.interactsolutions.com\/wp-content\/uploads\/2025\/12\/WhatsApp-Image-2025-11-28-at-15.31.39-150x113.jpeg 150w, https:\/\/www.interactsolutions.com\/wp-content\/uploads\/2025\/12\/WhatsApp-Image-2025-11-28-at-15.31.39.jpeg 1600w\" sizes=\"auto, (max-width: 400px) 100vw, 400px\" \/><\/p>\n","protected":false},"excerpt":{"rendered":"<p>Interact estuvo presente en eventos en Santa Catarina a lo largo del mes de noviembre, marcando el cierre de la agenda de eventos de 2025. Los d\u00edas 26 y 27\/11 tuvo lugar el IV Eproc Day, organizado por la Secretar\u00eda\u2026<\/p>\n","protected":false},"author":3,"featured_media":15844,"comment_status":"closed","ping_status":"closed","sticky":false,"template":"","format":"standard","meta":{"_acf_changed":false,"inline_featured_image":false,"footnotes":""},"categories":[2],"class_list":["post-15855","post","type-post","status-publish","format-standard","has-post-thumbnail","hentry","category-sin-categorizar","tipo-post-noticias-es"],"acf":[],"yoast_head":"<!-- This site is optimized with the Yoast SEO plugin v27.5 - https:\/\/yoast.com\/product\/yoast-seo-wordpress\/ -->\n<title>Interact participa en eventos en Santa Catarina - Interact Solutions<\/title>\n<meta name=\"description\" content=\"Interact estuvo presente en eventos en Santa Catarina a lo largo del mes de noviembre, marcando el cierre de la agenda de eventos de 2025.\" \/>\n<meta name=\"robots\" content=\"index, follow, max-snippet:-1, max-image-preview:large, max-video-preview:-1\" \/>\n<link rel=\"canonical\" href=\"https:\/\/www.interactsolutions.com\/es\/interact-participa-en-eventos-en-santa-catarina\/\" \/>\n<meta property=\"og:locale\" content=\"es_ES\" \/>\n<meta property=\"og:type\" content=\"article\" \/>\n<meta property=\"og:title\" content=\"Interact participa en eventos en Santa Catarina - Interact Solutions\" \/>\n<meta property=\"og:description\" content=\"Interact estuvo presente en eventos en Santa Catarina a lo largo del mes de noviembre, marcando el cierre de la agenda de eventos de 2025.\" \/>\n<meta property=\"og:url\" content=\"https:\/\/www.interactsolutions.com\/es\/interact-participa-en-eventos-en-santa-catarina\/\" \/>\n<meta property=\"og:site_name\" content=\"Interact Solutions\" \/>\n<meta property=\"article:published_time\" content=\"2025-12-09T14:55:28+00:00\" \/>\n<meta property=\"article:modified_time\" content=\"2025-12-09T16:43:15+00:00\" \/>\n<meta property=\"og:image\" content=\"https:\/\/www.interactsolutions.com\/wp-content\/uploads\/2025\/12\/Capa_Eventos-em-Santa-Catarina.png\" \/>\n\t<meta property=\"og:image:width\" content=\"1920\" \/>\n\t<meta property=\"og:image:height\" content=\"1080\" \/>\n\t<meta property=\"og:image:type\" content=\"image\/png\" \/>\n<meta name=\"author\" content=\"conteudo_2\" \/>\n<meta name=\"twitter:card\" content=\"summary_large_image\" \/>\n<meta name=\"twitter:label1\" content=\"Escrito por\" \/>\n\t<meta name=\"twitter:data1\" content=\"conteudo_2\" \/>\n\t<meta name=\"twitter:label2\" content=\"Tiempo de lectura\" \/>\n\t<meta name=\"twitter:data2\" content=\"3 minutos\" \/>\n<script type=\"application\/ld+json\" class=\"yoast-schema-graph\">{\"@context\":\"https:\\\/\\\/schema.org\",\"@graph\":[{\"@type\":\"Article\",\"@id\":\"https:\\\/\\\/www.interactsolutions.com\\\/es\\\/interact-participa-en-eventos-en-santa-catarina\\\/#article\",\"isPartOf\":{\"@id\":\"https:\\\/\\\/www.interactsolutions.com\\\/es\\\/interact-participa-en-eventos-en-santa-catarina\\\/\"},\"author\":{\"name\":\"conteudo_2\",\"@id\":\"https:\\\/\\\/www.interactsolutions.com\\\/es\\\/#\\\/schema\\\/person\\\/68a2f4ee4f57a8ccb8862de4c85c21f5\"},\"headline\":\"Interact participa en eventos en Santa Catarina\",\"datePublished\":\"2025-12-09T14:55:28+00:00\",\"dateModified\":\"2025-12-09T16:43:15+00:00\",\"mainEntityOfPage\":{\"@id\":\"https:\\\/\\\/www.interactsolutions.com\\\/es\\\/interact-participa-en-eventos-en-santa-catarina\\\/\"},\"wordCount\":340,\"image\":{\"@id\":\"https:\\\/\\\/www.interactsolutions.com\\\/es\\\/interact-participa-en-eventos-en-santa-catarina\\\/#primaryimage\"},\"thumbnailUrl\":\"https:\\\/\\\/www.interactsolutions.com\\\/wp-content\\\/uploads\\\/2025\\\/12\\\/Capa_Eventos-em-Santa-Catarina.png\",\"articleSection\":[\"Sin categorizar\"],\"inLanguage\":\"es\"},{\"@type\":\"WebPage\",\"@id\":\"https:\\\/\\\/www.interactsolutions.com\\\/es\\\/interact-participa-en-eventos-en-santa-catarina\\\/\",\"url\":\"https:\\\/\\\/www.interactsolutions.com\\\/es\\\/interact-participa-en-eventos-en-santa-catarina\\\/\",\"name\":\"Interact participa en eventos en Santa Catarina - Interact Solutions\",\"isPartOf\":{\"@id\":\"https:\\\/\\\/www.interactsolutions.com\\\/es\\\/#website\"},\"primaryImageOfPage\":{\"@id\":\"https:\\\/\\\/www.interactsolutions.com\\\/es\\\/interact-participa-en-eventos-en-santa-catarina\\\/#primaryimage\"},\"image\":{\"@id\":\"https:\\\/\\\/www.interactsolutions.com\\\/es\\\/interact-participa-en-eventos-en-santa-catarina\\\/#primaryimage\"},\"thumbnailUrl\":\"https:\\\/\\\/www.interactsolutions.com\\\/wp-content\\\/uploads\\\/2025\\\/12\\\/Capa_Eventos-em-Santa-Catarina.png\",\"datePublished\":\"2025-12-09T14:55:28+00:00\",\"dateModified\":\"2025-12-09T16:43:15+00:00\",\"author\":{\"@id\":\"https:\\\/\\\/www.interactsolutions.com\\\/es\\\/#\\\/schema\\\/person\\\/68a2f4ee4f57a8ccb8862de4c85c21f5\"},\"description\":\"Interact estuvo presente en eventos en Santa Catarina a lo largo del mes de noviembre, marcando el cierre de la agenda de eventos de 2025.\",\"inLanguage\":\"es\",\"potentialAction\":[{\"@type\":\"ReadAction\",\"target\":[\"https:\\\/\\\/www.interactsolutions.com\\\/es\\\/interact-participa-en-eventos-en-santa-catarina\\\/\"]}]},{\"@type\":\"ImageObject\",\"inLanguage\":\"es\",\"@id\":\"https:\\\/\\\/www.interactsolutions.com\\\/es\\\/interact-participa-en-eventos-en-santa-catarina\\\/#primaryimage\",\"url\":\"https:\\\/\\\/www.interactsolutions.com\\\/wp-content\\\/uploads\\\/2025\\\/12\\\/Capa_Eventos-em-Santa-Catarina.png\",\"contentUrl\":\"https:\\\/\\\/www.interactsolutions.com\\\/wp-content\\\/uploads\\\/2025\\\/12\\\/Capa_Eventos-em-Santa-Catarina.png\",\"width\":1920,\"height\":1080,\"caption\":\"eventos em Santa Catarina\"},{\"@type\":\"WebSite\",\"@id\":\"https:\\\/\\\/www.interactsolutions.com\\\/es\\\/#website\",\"url\":\"https:\\\/\\\/www.interactsolutions.com\\\/es\\\/\",\"name\":\"Interact Solutions\",\"description\":\"\",\"potentialAction\":[{\"@type\":\"SearchAction\",\"target\":{\"@type\":\"EntryPoint\",\"urlTemplate\":\"https:\\\/\\\/www.interactsolutions.com\\\/es\\\/?s={search_term_string}\"},\"query-input\":{\"@type\":\"PropertyValueSpecification\",\"valueRequired\":true,\"valueName\":\"search_term_string\"}}],\"inLanguage\":\"es\"},{\"@type\":\"Person\",\"@id\":\"https:\\\/\\\/www.interactsolutions.com\\\/es\\\/#\\\/schema\\\/person\\\/68a2f4ee4f57a8ccb8862de4c85c21f5\",\"name\":\"conteudo_2\"}]}<\/script>\n<!-- \/ Yoast SEO plugin. -->","yoast_head_json":{"title":"Interact participa en eventos en Santa Catarina - Interact Solutions","description":"Interact estuvo presente en eventos en Santa Catarina a lo largo del mes de noviembre, marcando el cierre de la agenda de eventos de 2025.","robots":{"index":"index","follow":"follow","max-snippet":"max-snippet:-1","max-image-preview":"max-image-preview:large","max-video-preview":"max-video-preview:-1"},"canonical":"https:\/\/www.interactsolutions.com\/es\/interact-participa-en-eventos-en-santa-catarina\/","og_locale":"es_ES","og_type":"article","og_title":"Interact participa en eventos en Santa Catarina - Interact Solutions","og_description":"Interact estuvo presente en eventos en Santa Catarina a lo largo del mes de noviembre, marcando el cierre de la agenda de eventos de 2025.","og_url":"https:\/\/www.interactsolutions.com\/es\/interact-participa-en-eventos-en-santa-catarina\/","og_site_name":"Interact Solutions","article_published_time":"2025-12-09T14:55:28+00:00","article_modified_time":"2025-12-09T16:43:15+00:00","og_image":[{"width":1920,"height":1080,"url":"https:\/\/www.interactsolutions.com\/wp-content\/uploads\/2025\/12\/Capa_Eventos-em-Santa-Catarina.png","type":"image\/png"}],"author":"conteudo_2","twitter_card":"summary_large_image","twitter_misc":{"Escrito por":"conteudo_2","Tiempo de lectura":"3 minutos"},"schema":{"@context":"https:\/\/schema.org","@graph":[{"@type":"Article","@id":"https:\/\/www.interactsolutions.com\/es\/interact-participa-en-eventos-en-santa-catarina\/#article","isPartOf":{"@id":"https:\/\/www.interactsolutions.com\/es\/interact-participa-en-eventos-en-santa-catarina\/"},"author":{"name":"conteudo_2","@id":"https:\/\/www.interactsolutions.com\/es\/#\/schema\/person\/68a2f4ee4f57a8ccb8862de4c85c21f5"},"headline":"Interact participa en eventos en Santa Catarina","datePublished":"2025-12-09T14:55:28+00:00","dateModified":"2025-12-09T16:43:15+00:00","mainEntityOfPage":{"@id":"https:\/\/www.interactsolutions.com\/es\/interact-participa-en-eventos-en-santa-catarina\/"},"wordCount":340,"image":{"@id":"https:\/\/www.interactsolutions.com\/es\/interact-participa-en-eventos-en-santa-catarina\/#primaryimage"},"thumbnailUrl":"https:\/\/www.interactsolutions.com\/wp-content\/uploads\/2025\/12\/Capa_Eventos-em-Santa-Catarina.png","articleSection":["Sin categorizar"],"inLanguage":"es"},{"@type":"WebPage","@id":"https:\/\/www.interactsolutions.com\/es\/interact-participa-en-eventos-en-santa-catarina\/","url":"https:\/\/www.interactsolutions.com\/es\/interact-participa-en-eventos-en-santa-catarina\/","name":"Interact participa en eventos en Santa Catarina - Interact Solutions","isPartOf":{"@id":"https:\/\/www.interactsolutions.com\/es\/#website"},"primaryImageOfPage":{"@id":"https:\/\/www.interactsolutions.com\/es\/interact-participa-en-eventos-en-santa-catarina\/#primaryimage"},"image":{"@id":"https:\/\/www.interactsolutions.com\/es\/interact-participa-en-eventos-en-santa-catarina\/#primaryimage"},"thumbnailUrl":"https:\/\/www.interactsolutions.com\/wp-content\/uploads\/2025\/12\/Capa_Eventos-em-Santa-Catarina.png","datePublished":"2025-12-09T14:55:28+00:00","dateModified":"2025-12-09T16:43:15+00:00","author":{"@id":"https:\/\/www.interactsolutions.com\/es\/#\/schema\/person\/68a2f4ee4f57a8ccb8862de4c85c21f5"},"description":"Interact estuvo presente en eventos en Santa Catarina a lo largo del mes de noviembre, marcando el cierre de la agenda de eventos de 2025.","inLanguage":"es","potentialAction":[{"@type":"ReadAction","target":["https:\/\/www.interactsolutions.com\/es\/interact-participa-en-eventos-en-santa-catarina\/"]}]},{"@type":"ImageObject","inLanguage":"es","@id":"https:\/\/www.interactsolutions.com\/es\/interact-participa-en-eventos-en-santa-catarina\/#primaryimage","url":"https:\/\/www.interactsolutions.com\/wp-content\/uploads\/2025\/12\/Capa_Eventos-em-Santa-Catarina.png","contentUrl":"https:\/\/www.interactsolutions.com\/wp-content\/uploads\/2025\/12\/Capa_Eventos-em-Santa-Catarina.png","width":1920,"height":1080,"caption":"eventos em Santa Catarina"},{"@type":"WebSite","@id":"https:\/\/www.interactsolutions.com\/es\/#website","url":"https:\/\/www.interactsolutions.com\/es\/","name":"Interact Solutions","description":"","potentialAction":[{"@type":"SearchAction","target":{"@type":"EntryPoint","urlTemplate":"https:\/\/www.interactsolutions.com\/es\/?s={search_term_string}"},"query-input":{"@type":"PropertyValueSpecification","valueRequired":true,"valueName":"search_term_string"}}],"inLanguage":"es"},{"@type":"Person","@id":"https:\/\/www.interactsolutions.com\/es\/#\/schema\/person\/68a2f4ee4f57a8ccb8862de4c85c21f5","name":"conteudo_2"}]}},"_links":{"self":[{"href":"https:\/\/www.interactsolutions.com\/es\/wp-json\/wp\/v2\/posts\/15855","targetHints":{"allow":["GET"]}}],"collection":[{"href":"https:\/\/www.interactsolutions.com\/es\/wp-json\/wp\/v2\/posts"}],"about":[{"href":"https:\/\/www.interactsolutions.com\/es\/wp-json\/wp\/v2\/types\/post"}],"author":[{"embeddable":true,"href":"https:\/\/www.interactsolutions.com\/es\/wp-json\/wp\/v2\/users\/3"}],"replies":[{"embeddable":true,"href":"https:\/\/www.interactsolutions.com\/es\/wp-json\/wp\/v2\/comments?post=15855"}],"version-history":[{"count":1,"href":"https:\/\/www.interactsolutions.com\/es\/wp-json\/wp\/v2\/posts\/15855\/revisions"}],"predecessor-version":[{"id":15859,"href":"https:\/\/www.interactsolutions.com\/es\/wp-json\/wp\/v2\/posts\/15855\/revisions\/15859"}],"wp:featuredmedia":[{"embeddable":true,"href":"https:\/\/www.interactsolutions.com\/es\/wp-json\/wp\/v2\/media\/15844"}],"wp:attachment":[{"href":"https:\/\/www.interactsolutions.com\/es\/wp-json\/wp\/v2\/media?parent=15855"}],"wp:term":[{"taxonomy":"category","embeddable":true,"href":"https:\/\/www.interactsolutions.com\/es\/wp-json\/wp\/v2\/categories?post=15855"}],"curies":[{"name":"wp","href":"https:\/\/api.w.org\/{rel}","templated":true}]}}