{"id":15874,"date":"2025-12-15T13:46:33","date_gmt":"2025-12-15T16:46:33","guid":{"rendered":"https:\/\/www.interactsolutions.com\/?p=15874"},"modified":"2025-12-15T13:53:34","modified_gmt":"2025-12-15T16:53:34","slug":"ia-en-la-gestion-de-la-calidad-renata-lopes-podcast-ctrli","status":"publish","type":"post","link":"https:\/\/www.interactsolutions.com\/es\/ia-en-la-gestion-de-la-calidad-renata-lopes-podcast-ctrli\/","title":{"rendered":"IA en la Gesti\u00f3n de la Calidad | Renata Lopes | Podcast Ctrl+i"},"content":{"rendered":"<article class=\"text-token-text-primary w-full focus:outline-none [--shadow-height:45px] has-data-writing-block:pointer-events-none has-data-writing-block:-mt-(--shadow-height) has-data-writing-block:pt-(--shadow-height) [&amp;:has([data-writing-block])&gt;*]:pointer-events-auto scroll-mt-[calc(var(--header-height)+min(200px,max(70px,20svh)))]\" dir=\"auto\" tabindex=\"-1\" data-turn-id=\"request-690b46fe-5980-8326-8395-a65de583f0d7-0\" data-testid=\"conversation-turn-420\" data-scroll-anchor=\"false\" data-turn=\"assistant\">\n<div class=\"text-base my-auto mx-auto [--thread-content-margin:--spacing(4)] @w-sm\/main:[--thread-content-margin:--spacing(6)] @w-lg\/main:[--thread-content-margin:--spacing(16)] px-(--thread-content-margin)\">\n<div class=\"[--thread-content-max-width:40rem] @w-lg\/main:[--thread-content-max-width:48rem] mx-auto max-w-(--thread-content-max-width) flex-1 group\/turn-messages focus-visible:outline-hidden relative flex w-full min-w-0 flex-col agent-turn\" tabindex=\"-1\">\n<div class=\"flex max-w-full flex-col grow\">\n<div class=\"min-h-8 text-message relative flex w-full flex-col items-end gap-2 text-start break-words whitespace-normal [.text-message+&amp;]:mt-1\" dir=\"auto\" data-message-author-role=\"assistant\" data-message-id=\"f4b7945e-16fe-4598-a9f8-02a6e4c225bf\" data-message-model-slug=\"gpt-5-2\">\n<div class=\"flex w-full flex-col gap-1 empty:hidden first:pt-[1px]\">\n<div class=\"markdown prose dark:prose-invert w-full break-words dark markdown-new-styling\">\n<p data-start=\"0\" data-end=\"233\">La <strong data-start=\"3\" data-end=\"38\">Gesti\u00f3n de la Calidad en Brasil<\/strong> viene siendo impulsada por la necesidad de competitividad, la <a href=\"https:\/\/www.interactsolutions.com\/es\/el-papel-de-la-inteligencia-artificial-en-la-transformacion-digital\/\" target=\"_blank\" rel=\"noopener\">transformaci\u00f3n digital<\/a> y tambi\u00e9n por el creciente uso de tecnolog\u00edas disruptivas, como es el caso de la <strong data-start=\"205\" data-end=\"232\">Inteligencia Artificial<\/strong>.<\/p>\n<p data-start=\"235\" data-end=\"536\">La I<a href=\"https:\/\/www.interactsolutions.com\/es\/optimice-la-gestion-por-procesos-con-inteligencia-artificial\/\" target=\"_blank\" rel=\"noopener\">nteligencia Artificial<\/a> se ha convertido en un tema recurrente, tanto en los medios en general como en los canales de comunicaci\u00f3n de Interact. Al fin y al cabo, es fundamental estar preparados para utilizar esta herramienta tan valiosa, de modo que contribuya e incluso facilite nuestro d\u00eda a d\u00eda.<\/p>\n<p data-start=\"538\" data-end=\"854\">La IA puede utilizarse para mejorar la Gesti\u00f3n de la Calidad en sectores como la salud, la industria e incluso los servicios, generando impactos positivos en los procesos, el an\u00e1lisis de datos y la toma de decisiones. Sin embargo, es necesario saber c\u00f3mo utilizarla de manera adecuada para extraer todo su potencial.<\/p>\n<p data-start=\"856\" data-end=\"1124\">Este uso estrat\u00e9gico puede garantizar an\u00e1lisis predictivos, el fortalecimiento de la gesti\u00f3n y la mitigaci\u00f3n de riesgos, impactos positivos en la automatizaci\u00f3n y optimizaci\u00f3n de procesos, monitoreo en tiempo real, reducci\u00f3n de errores humanos, entre otros beneficios.<\/p>\n<p data-start=\"1126\" data-end=\"1527\">La invitada de este episodio es <a href=\"https:\/\/www.linkedin.com\/in\/renata\/\" target=\"_blank\" rel=\"noopener\"><strong data-start=\"1158\" data-end=\"1174\">Renata Lopes<\/strong><\/a>, fundadora de la empresa <em data-start=\"1200\" data-end=\"1219\">Tecnologia Humana<\/em>, quien cuenta con m\u00e1s de 25 a\u00f1os de experiencia en el \u00e1rea de TI, adem\u00e1s de una s\u00f3lida trayectoria en gobernanza y seguridad de la informaci\u00f3n. Renata posee amplia experiencia en proyectos de implementaci\u00f3n y desarrollo de sistemas y soluciones en empresas nacionales y multinacionales de diversos sectores.<\/p>\n<p data-start=\"1529\" data-end=\"1611\" data-is-last-node=\"\" data-is-only-node=\"\">Mira el episodio a continuaci\u00f3n y descubre consejos muy importantes sobre el tema.<\/p>\n<p><iframe loading=\"lazy\" title=\"Intelig\u00eancia Artificial na Gest\u00e3o da Qualidade | Renata Lopes | Ctrl+i Podcast\" width=\"500\" height=\"281\" src=\"https:\/\/www.youtube.com\/embed\/eEMhtJYgfAY?feature=oembed\" frameborder=\"0\" allow=\"accelerometer; autoplay; clipboard-write; encrypted-media; gyroscope; picture-in-picture; web-share\" referrerpolicy=\"strict-origin-when-cross-origin\" allowfullscreen><\/iframe><\/p>\n<\/div>\n<\/div>\n<\/div>\n<\/div>\n<div class=\"z-0 flex min-h-[46px] justify-start\"><\/div>\n<\/div>\n<\/div>\n<\/article>\n","protected":false},"excerpt":{"rendered":"<p>La Gesti\u00f3n de la Calidad en Brasil viene siendo impulsada por la necesidad de competitividad, la transformaci\u00f3n digital y tambi\u00e9n por el creciente uso de tecnolog\u00edas disruptivas, como es el caso de la Inteligencia Artificial. La Inteligencia Artificial se ha\u2026<\/p>\n","protected":false},"author":3,"featured_media":15871,"comment_status":"closed","ping_status":"closed","sticky":false,"template":"","format":"standard","meta":{"_acf_changed":false,"inline_featured_image":false,"footnotes":""},"categories":[2],"class_list":["post-15874","post","type-post","status-publish","format-standard","has-post-thumbnail","hentry","category-sin-categorizar","tipo-post-videos-es"],"acf":[],"yoast_head":"<!-- This site is optimized with the Yoast SEO plugin v27.5 - https:\/\/yoast.com\/product\/yoast-seo-wordpress\/ -->\n<title>IA en la Gesti\u00f3n de la Calidad | Renata Lopes | Podcast Ctrl+i - Interact Solutions<\/title>\n<meta name=\"description\" content=\"La Gesti\u00f3n de la Calidad en Brasil ha sido impulsada por la necesidad de competitividad, por la transformaci\u00f3n digital y por el uso de la IA.\" \/>\n<meta name=\"robots\" content=\"index, follow, max-snippet:-1, max-image-preview:large, max-video-preview:-1\" \/>\n<link rel=\"canonical\" href=\"https:\/\/www.interactsolutions.com\/es\/ia-en-la-gestion-de-la-calidad-renata-lopes-podcast-ctrli\/\" \/>\n<meta property=\"og:locale\" content=\"es_ES\" \/>\n<meta property=\"og:type\" content=\"article\" \/>\n<meta property=\"og:title\" content=\"IA en la Gesti\u00f3n de la Calidad | Renata Lopes | Podcast Ctrl+i - Interact Solutions\" \/>\n<meta property=\"og:description\" content=\"La Gesti\u00f3n de la Calidad en Brasil ha sido impulsada por la necesidad de competitividad, por la transformaci\u00f3n digital y por el uso de la IA.\" \/>\n<meta property=\"og:url\" content=\"https:\/\/www.interactsolutions.com\/es\/ia-en-la-gestion-de-la-calidad-renata-lopes-podcast-ctrli\/\" \/>\n<meta property=\"og:site_name\" content=\"Interact Solutions\" \/>\n<meta property=\"article:published_time\" content=\"2025-12-15T16:46:33+00:00\" \/>\n<meta property=\"article:modified_time\" content=\"2025-12-15T16:53:34+00:00\" \/>\n<meta property=\"og:image\" content=\"https:\/\/www.interactsolutions.com\/wp-content\/uploads\/2025\/12\/16x9.png\" \/>\n\t<meta property=\"og:image:width\" content=\"1920\" \/>\n\t<meta property=\"og:image:height\" content=\"1081\" \/>\n\t<meta property=\"og:image:type\" content=\"image\/png\" \/>\n<meta name=\"author\" content=\"conteudo_2\" \/>\n<meta name=\"twitter:card\" content=\"summary_large_image\" \/>\n<meta name=\"twitter:label1\" content=\"Escrito por\" \/>\n\t<meta name=\"twitter:data1\" content=\"conteudo_2\" \/>\n\t<meta name=\"twitter:label2\" content=\"Tiempo de lectura\" \/>\n\t<meta name=\"twitter:data2\" content=\"2 minutos\" \/>\n<script type=\"application\/ld+json\" class=\"yoast-schema-graph\">{\"@context\":\"https:\\\/\\\/schema.org\",\"@graph\":[{\"@type\":\"Article\",\"@id\":\"https:\\\/\\\/www.interactsolutions.com\\\/es\\\/ia-en-la-gestion-de-la-calidad-renata-lopes-podcast-ctrli\\\/#article\",\"isPartOf\":{\"@id\":\"https:\\\/\\\/www.interactsolutions.com\\\/es\\\/ia-en-la-gestion-de-la-calidad-renata-lopes-podcast-ctrli\\\/\"},\"author\":{\"name\":\"conteudo_2\",\"@id\":\"https:\\\/\\\/www.interactsolutions.com\\\/es\\\/#\\\/schema\\\/person\\\/68a2f4ee4f57a8ccb8862de4c85c21f5\"},\"headline\":\"IA en la Gesti\u00f3n de la Calidad | Renata Lopes | Podcast Ctrl+i\",\"datePublished\":\"2025-12-15T16:46:33+00:00\",\"dateModified\":\"2025-12-15T16:53:34+00:00\",\"mainEntityOfPage\":{\"@id\":\"https:\\\/\\\/www.interactsolutions.com\\\/es\\\/ia-en-la-gestion-de-la-calidad-renata-lopes-podcast-ctrli\\\/\"},\"wordCount\":294,\"image\":{\"@id\":\"https:\\\/\\\/www.interactsolutions.com\\\/es\\\/ia-en-la-gestion-de-la-calidad-renata-lopes-podcast-ctrli\\\/#primaryimage\"},\"thumbnailUrl\":\"https:\\\/\\\/www.interactsolutions.com\\\/wp-content\\\/uploads\\\/2025\\\/12\\\/16x9.png\",\"articleSection\":[\"Sin categorizar\"],\"inLanguage\":\"es\"},{\"@type\":\"WebPage\",\"@id\":\"https:\\\/\\\/www.interactsolutions.com\\\/es\\\/ia-en-la-gestion-de-la-calidad-renata-lopes-podcast-ctrli\\\/\",\"url\":\"https:\\\/\\\/www.interactsolutions.com\\\/es\\\/ia-en-la-gestion-de-la-calidad-renata-lopes-podcast-ctrli\\\/\",\"name\":\"IA en la Gesti\u00f3n de la Calidad | Renata Lopes | Podcast Ctrl+i - Interact Solutions\",\"isPartOf\":{\"@id\":\"https:\\\/\\\/www.interactsolutions.com\\\/es\\\/#website\"},\"primaryImageOfPage\":{\"@id\":\"https:\\\/\\\/www.interactsolutions.com\\\/es\\\/ia-en-la-gestion-de-la-calidad-renata-lopes-podcast-ctrli\\\/#primaryimage\"},\"image\":{\"@id\":\"https:\\\/\\\/www.interactsolutions.com\\\/es\\\/ia-en-la-gestion-de-la-calidad-renata-lopes-podcast-ctrli\\\/#primaryimage\"},\"thumbnailUrl\":\"https:\\\/\\\/www.interactsolutions.com\\\/wp-content\\\/uploads\\\/2025\\\/12\\\/16x9.png\",\"datePublished\":\"2025-12-15T16:46:33+00:00\",\"dateModified\":\"2025-12-15T16:53:34+00:00\",\"author\":{\"@id\":\"https:\\\/\\\/www.interactsolutions.com\\\/es\\\/#\\\/schema\\\/person\\\/68a2f4ee4f57a8ccb8862de4c85c21f5\"},\"description\":\"La Gesti\u00f3n de la Calidad en Brasil ha sido impulsada por la necesidad de competitividad, por la transformaci\u00f3n digital y por el uso de la IA.\",\"inLanguage\":\"es\",\"potentialAction\":[{\"@type\":\"ReadAction\",\"target\":[\"https:\\\/\\\/www.interactsolutions.com\\\/es\\\/ia-en-la-gestion-de-la-calidad-renata-lopes-podcast-ctrli\\\/\"]}]},{\"@type\":\"ImageObject\",\"inLanguage\":\"es\",\"@id\":\"https:\\\/\\\/www.interactsolutions.com\\\/es\\\/ia-en-la-gestion-de-la-calidad-renata-lopes-podcast-ctrli\\\/#primaryimage\",\"url\":\"https:\\\/\\\/www.interactsolutions.com\\\/wp-content\\\/uploads\\\/2025\\\/12\\\/16x9.png\",\"contentUrl\":\"https:\\\/\\\/www.interactsolutions.com\\\/wp-content\\\/uploads\\\/2025\\\/12\\\/16x9.png\",\"width\":1920,\"height\":1081,\"caption\":\"Gest\u00e3o da Qualidade\"},{\"@type\":\"WebSite\",\"@id\":\"https:\\\/\\\/www.interactsolutions.com\\\/es\\\/#website\",\"url\":\"https:\\\/\\\/www.interactsolutions.com\\\/es\\\/\",\"name\":\"Interact Solutions\",\"description\":\"\",\"potentialAction\":[{\"@type\":\"SearchAction\",\"target\":{\"@type\":\"EntryPoint\",\"urlTemplate\":\"https:\\\/\\\/www.interactsolutions.com\\\/es\\\/?s={search_term_string}\"},\"query-input\":{\"@type\":\"PropertyValueSpecification\",\"valueRequired\":true,\"valueName\":\"search_term_string\"}}],\"inLanguage\":\"es\"},{\"@type\":\"Person\",\"@id\":\"https:\\\/\\\/www.interactsolutions.com\\\/es\\\/#\\\/schema\\\/person\\\/68a2f4ee4f57a8ccb8862de4c85c21f5\",\"name\":\"conteudo_2\"}]}<\/script>\n<!-- \/ Yoast SEO plugin. -->","yoast_head_json":{"title":"IA en la Gesti\u00f3n de la Calidad | Renata Lopes | Podcast Ctrl+i - Interact Solutions","description":"La Gesti\u00f3n de la Calidad en Brasil ha sido impulsada por la necesidad de competitividad, por la transformaci\u00f3n digital y por el uso de la IA.","robots":{"index":"index","follow":"follow","max-snippet":"max-snippet:-1","max-image-preview":"max-image-preview:large","max-video-preview":"max-video-preview:-1"},"canonical":"https:\/\/www.interactsolutions.com\/es\/ia-en-la-gestion-de-la-calidad-renata-lopes-podcast-ctrli\/","og_locale":"es_ES","og_type":"article","og_title":"IA en la Gesti\u00f3n de la Calidad | Renata Lopes | Podcast Ctrl+i - Interact Solutions","og_description":"La Gesti\u00f3n de la Calidad en Brasil ha sido impulsada por la necesidad de competitividad, por la transformaci\u00f3n digital y por el uso de la IA.","og_url":"https:\/\/www.interactsolutions.com\/es\/ia-en-la-gestion-de-la-calidad-renata-lopes-podcast-ctrli\/","og_site_name":"Interact Solutions","article_published_time":"2025-12-15T16:46:33+00:00","article_modified_time":"2025-12-15T16:53:34+00:00","og_image":[{"width":1920,"height":1081,"url":"https:\/\/www.interactsolutions.com\/wp-content\/uploads\/2025\/12\/16x9.png","type":"image\/png"}],"author":"conteudo_2","twitter_card":"summary_large_image","twitter_misc":{"Escrito por":"conteudo_2","Tiempo de lectura":"2 minutos"},"schema":{"@context":"https:\/\/schema.org","@graph":[{"@type":"Article","@id":"https:\/\/www.interactsolutions.com\/es\/ia-en-la-gestion-de-la-calidad-renata-lopes-podcast-ctrli\/#article","isPartOf":{"@id":"https:\/\/www.interactsolutions.com\/es\/ia-en-la-gestion-de-la-calidad-renata-lopes-podcast-ctrli\/"},"author":{"name":"conteudo_2","@id":"https:\/\/www.interactsolutions.com\/es\/#\/schema\/person\/68a2f4ee4f57a8ccb8862de4c85c21f5"},"headline":"IA en la Gesti\u00f3n de la Calidad | Renata Lopes | Podcast Ctrl+i","datePublished":"2025-12-15T16:46:33+00:00","dateModified":"2025-12-15T16:53:34+00:00","mainEntityOfPage":{"@id":"https:\/\/www.interactsolutions.com\/es\/ia-en-la-gestion-de-la-calidad-renata-lopes-podcast-ctrli\/"},"wordCount":294,"image":{"@id":"https:\/\/www.interactsolutions.com\/es\/ia-en-la-gestion-de-la-calidad-renata-lopes-podcast-ctrli\/#primaryimage"},"thumbnailUrl":"https:\/\/www.interactsolutions.com\/wp-content\/uploads\/2025\/12\/16x9.png","articleSection":["Sin categorizar"],"inLanguage":"es"},{"@type":"WebPage","@id":"https:\/\/www.interactsolutions.com\/es\/ia-en-la-gestion-de-la-calidad-renata-lopes-podcast-ctrli\/","url":"https:\/\/www.interactsolutions.com\/es\/ia-en-la-gestion-de-la-calidad-renata-lopes-podcast-ctrli\/","name":"IA en la Gesti\u00f3n de la Calidad | Renata Lopes | Podcast Ctrl+i - Interact Solutions","isPartOf":{"@id":"https:\/\/www.interactsolutions.com\/es\/#website"},"primaryImageOfPage":{"@id":"https:\/\/www.interactsolutions.com\/es\/ia-en-la-gestion-de-la-calidad-renata-lopes-podcast-ctrli\/#primaryimage"},"image":{"@id":"https:\/\/www.interactsolutions.com\/es\/ia-en-la-gestion-de-la-calidad-renata-lopes-podcast-ctrli\/#primaryimage"},"thumbnailUrl":"https:\/\/www.interactsolutions.com\/wp-content\/uploads\/2025\/12\/16x9.png","datePublished":"2025-12-15T16:46:33+00:00","dateModified":"2025-12-15T16:53:34+00:00","author":{"@id":"https:\/\/www.interactsolutions.com\/es\/#\/schema\/person\/68a2f4ee4f57a8ccb8862de4c85c21f5"},"description":"La Gesti\u00f3n de la Calidad en Brasil ha sido impulsada por la necesidad de competitividad, por la transformaci\u00f3n digital y por el uso de la IA.","inLanguage":"es","potentialAction":[{"@type":"ReadAction","target":["https:\/\/www.interactsolutions.com\/es\/ia-en-la-gestion-de-la-calidad-renata-lopes-podcast-ctrli\/"]}]},{"@type":"ImageObject","inLanguage":"es","@id":"https:\/\/www.interactsolutions.com\/es\/ia-en-la-gestion-de-la-calidad-renata-lopes-podcast-ctrli\/#primaryimage","url":"https:\/\/www.interactsolutions.com\/wp-content\/uploads\/2025\/12\/16x9.png","contentUrl":"https:\/\/www.interactsolutions.com\/wp-content\/uploads\/2025\/12\/16x9.png","width":1920,"height":1081,"caption":"Gest\u00e3o da Qualidade"},{"@type":"WebSite","@id":"https:\/\/www.interactsolutions.com\/es\/#website","url":"https:\/\/www.interactsolutions.com\/es\/","name":"Interact Solutions","description":"","potentialAction":[{"@type":"SearchAction","target":{"@type":"EntryPoint","urlTemplate":"https:\/\/www.interactsolutions.com\/es\/?s={search_term_string}"},"query-input":{"@type":"PropertyValueSpecification","valueRequired":true,"valueName":"search_term_string"}}],"inLanguage":"es"},{"@type":"Person","@id":"https:\/\/www.interactsolutions.com\/es\/#\/schema\/person\/68a2f4ee4f57a8ccb8862de4c85c21f5","name":"conteudo_2"}]}},"_links":{"self":[{"href":"https:\/\/www.interactsolutions.com\/es\/wp-json\/wp\/v2\/posts\/15874","targetHints":{"allow":["GET"]}}],"collection":[{"href":"https:\/\/www.interactsolutions.com\/es\/wp-json\/wp\/v2\/posts"}],"about":[{"href":"https:\/\/www.interactsolutions.com\/es\/wp-json\/wp\/v2\/types\/post"}],"author":[{"embeddable":true,"href":"https:\/\/www.interactsolutions.com\/es\/wp-json\/wp\/v2\/users\/3"}],"replies":[{"embeddable":true,"href":"https:\/\/www.interactsolutions.com\/es\/wp-json\/wp\/v2\/comments?post=15874"}],"version-history":[{"count":3,"href":"https:\/\/www.interactsolutions.com\/es\/wp-json\/wp\/v2\/posts\/15874\/revisions"}],"predecessor-version":[{"id":15881,"href":"https:\/\/www.interactsolutions.com\/es\/wp-json\/wp\/v2\/posts\/15874\/revisions\/15881"}],"wp:featuredmedia":[{"embeddable":true,"href":"https:\/\/www.interactsolutions.com\/es\/wp-json\/wp\/v2\/media\/15871"}],"wp:attachment":[{"href":"https:\/\/www.interactsolutions.com\/es\/wp-json\/wp\/v2\/media?parent=15874"}],"wp:term":[{"taxonomy":"category","embeddable":true,"href":"https:\/\/www.interactsolutions.com\/es\/wp-json\/wp\/v2\/categories?post=15874"}],"curies":[{"name":"wp","href":"https:\/\/api.w.org\/{rel}","templated":true}]}}