{"id":5431,"date":"2023-10-30T12:00:22","date_gmt":"2023-10-30T15:00:22","guid":{"rendered":"https:\/\/www.interactsolutions.com\/?p=5431"},"modified":"2023-12-28T09:57:16","modified_gmt":"2023-12-28T12:57:16","slug":"interact-latam-se-une-a-una-asociacion-de-empresas-latinoamericanas","status":"publish","type":"post","link":"https:\/\/www.interactsolutions.com\/es\/interact-latam-se-une-a-una-asociacion-de-empresas-latinoamericanas\/","title":{"rendered":"Interact Latam se une a una asociaci\u00f3n de empresas latinoamericanas"},"content":{"rendered":"<p>Interact Latam, la Unidad de Interact enfocada en negocios internacionales, se convirti\u00f3 en parte de la\u00a0<a href=\"https:\/\/www.linkedin.com\/company\/red-latinoamericana-de-procesos-tecnolog%C3%ADa-y-gesti%C3%B3n\/\" target=\"_blank\" rel=\"noopener\">Red Latinoamericana de Procesos, Tecnolog\u00eda y Gesti\u00f3n<\/a>. La asociaci\u00f3n es un grupo de proveedores de productos, servicios y formaci\u00f3n especializada en procesos, tecnolog\u00eda y gesti\u00f3n, formado por nueve empresas.<\/p>\n<p>El desaf\u00edo de la Red Latinoamericana es ofrecer conjuntamente soluciones innovadoras para diferentes ecosistemas, que ayuden a las empresas a mejorar la gesti\u00f3n estrat\u00e9gica frente a los desaf\u00edos de la era digital. El grupo cuenta con m\u00e1s de 50 consultores especializados en gesti\u00f3n, procesos y tecnolog\u00eda, presentes en pa\u00edses como Brasil, Colombia, Estados Unidos (Miami), Honduras, M\u00e9xico y Panam\u00e1.<\/p>\n<p>Para el director de Interact Latam,\u00a0<a href=\"https:\/\/www.linkedin.com\/in\/fernando-estrada-81ba699\/\" target=\"_blank\" rel=\"noopener\">Fernando Estrada<\/a>, unirse a la red debe aumentar el alcance de la compa\u00f1\u00eda en el extranjero. \u201cEn este nuevo contexto en el que vivimos, consideramos que es cada vez m\u00e1s importante trabajar en nuestra esencia como Interact Latam, dentro de Interact Bridges, estableciendo puentes y buscando sinergias. Por esta raz\u00f3n, ingresamos a la Red Latinoamericana y as\u00ed podemos lograr una cobertura mucho mayor en el mercado internacional\u201d, explica.<\/p>\n<p>Como equipaje, Interact aporta al grupo m\u00e1s de 20 a\u00f1os de experiencia en tecnolog\u00eda para inteligencia corporativa. Entre su cartera, presenta soluciones como\u00a0<a href=\"https:\/\/www.interactsolutions.com\/solucao\/gestao-por-processos\/?es\" target=\"_blank\" rel=\"noopener\">Gesti\u00f3n por Procesos<\/a>,\u00a0<a href=\"https:\/\/www.interactsolutions.com\/solucao\/gestao-da-qualidade\/?es\" target=\"_blank\" rel=\"noopener\">Gesti\u00f3n de la Calidad<\/a>,\u00a0<a href=\"https:\/\/www.interactsolutions.com\/solucao\/escritorio-3ps\/?es\" target=\"_blank\" rel=\"noopener\">Oficina 3P\u2019s<\/a>\u00a0y\u00a0<a href=\"https:\/\/www.interactsolutions.com\/solucao\/compliance-gestao-de-riscos\/?es\" target=\"_blank\" rel=\"noopener\">Compliance y Gesti\u00f3n de Riesgos<\/a>. Fuera de Brasil, tiene nueve distribuidores y ocho clientes en siete pa\u00edses.<\/p>\n<h3>Trabajo articulado de nueve empresas<\/h3>\n<p>Adem\u00e1s de Interact Latam, la\u00a0<a href=\"https:\/\/www.linkedin.com\/company\/red-latinoamericana-de-procesos-tecnolog%C3%ADa-y-gesti%C3%B3n\/\" target=\"_blank\" rel=\"noopener\">Red Latinoamericana de Procesos, Tecnolog\u00eda y Gesti\u00f3n<\/a>\u00a0est\u00e1 compuesta por\u00a0<a href=\"https:\/\/www.ibkin.org\/\" target=\"_blank\" rel=\"noopener\">IBKIN \u2013 International Bureau of Knowledge and Innovation<\/a>, la mayor comunidad de gesti\u00f3n de la innovaci\u00f3n hispanoamericana;\u00a0<a href=\"https:\/\/www.digidatadecolombia.com\/\" target=\"_blank\" rel=\"noopener\">Digidata<\/a>, de Colombia, una empresa especializada en gesti\u00f3n corporativa, que tambi\u00e9n es\u00a0<a href=\"https:\/\/www.interactsolutions.com\/distribuidores\/?es\" target=\"_blank\" rel=\"noopener\">commercial partner de Interact<\/a>;\u00a0<a href=\"https:\/\/www.cobagroup.com.co\/\" target=\"_blank\" rel=\"noopener\">Coba Group<\/a>, de Colombia, especialista en arquitectura y procesos de negocios, que tambi\u00e9n es\u00a0<a href=\"https:\/\/www.interactsolutions.com\/distribuidores\/?es\" target=\"_blank\" rel=\"noopener\">business partner de Interact<\/a>;\u00a0<a href=\"https:\/\/www.pypsystems.com\/\" target=\"_blank\" rel=\"noopener\">P&amp;P Systems<\/a>, de Colombia, una empresa especializada en infraestructura tecnol\u00f3gica y seguridad de la informaci\u00f3n;\u00a0<a href=\"https:\/\/www.core-business.com.co\/\" target=\"_blank\" rel=\"noopener\">Core Business<\/a>, de Colombia, consultor\u00eda de inversiones y aceleraci\u00f3n de negocios;\u00a0<a href=\"https:\/\/www.linkedin.com\/company\/astran\/about\/\" target=\"_blank\" rel=\"noopener\">Grupo Astran<\/a>, de M\u00e9xico, una empresa especializada en gesti\u00f3n de proyectos;\u00a0<a href=\"https:\/\/www.linkedin.com\/in\/conserta-sas-588bba104\/\" target=\"_blank\" rel=\"noopener\">Conserta<\/a>, de Colombia, consultor\u00eda de seguridad tecnol\u00f3gica; e\u00a0<a href=\"http:\/\/www.intsis.com\/\" target=\"_blank\" rel=\"noopener\">INTSIS<\/a>, de Honduras, especialista en servicios de consultor\u00eda y asesor\u00eda en servicios inform\u00e1ticos.<\/p>\n","protected":false},"excerpt":{"rendered":"<p>Interact Latam, la Unidad de Interact enfocada en negocios internacionales, se convirti\u00f3 en parte de la\u00a0Red Latinoamericana de Procesos, Tecnolog\u00eda y Gesti\u00f3n. La asociaci\u00f3n es un grupo de proveedores de productos, servicios y formaci\u00f3n especializada en procesos, tecnolog\u00eda y gesti\u00f3n,\u2026<\/p>\n","protected":false},"author":3,"featured_media":5432,"comment_status":"closed","ping_status":"closed","sticky":false,"template":"","format":"standard","meta":{"_acf_changed":false,"inline_featured_image":false,"footnotes":""},"categories":[2],"class_list":["post-5431","post","type-post","status-publish","format-standard","has-post-thumbnail","hentry","category-sin-categorizar","tipo-post-noticias-es"],"acf":[],"yoast_head":"<!-- This site is optimized with the Yoast SEO plugin v27.5 - https:\/\/yoast.com\/product\/yoast-seo-wordpress\/ -->\n<title>Interact Latam se une a una asociaci\u00f3n de empresas latinoamericanas - Interact Solutions<\/title>\n<meta name=\"robots\" content=\"index, follow, max-snippet:-1, max-image-preview:large, max-video-preview:-1\" \/>\n<link rel=\"canonical\" href=\"https:\/\/www.interactsolutions.com\/es\/interact-latam-se-une-a-una-asociacion-de-empresas-latinoamericanas\/\" \/>\n<meta property=\"og:locale\" content=\"es_ES\" \/>\n<meta property=\"og:type\" content=\"article\" \/>\n<meta property=\"og:title\" content=\"Interact Latam se une a una asociaci\u00f3n de empresas latinoamericanas - Interact Solutions\" \/>\n<meta property=\"og:description\" content=\"Interact Latam, la Unidad de Interact enfocada en negocios internacionales, se convirti\u00f3 en parte de la\u00a0Red Latinoamericana de Procesos, Tecnolog\u00eda y Gesti\u00f3n. La asociaci\u00f3n es un grupo de proveedores de productos, servicios y formaci\u00f3n especializada en procesos, tecnolog\u00eda y gesti\u00f3n,\u2026\" \/>\n<meta property=\"og:url\" content=\"https:\/\/www.interactsolutions.com\/es\/interact-latam-se-une-a-una-asociacion-de-empresas-latinoamericanas\/\" \/>\n<meta property=\"og:site_name\" content=\"Interact Solutions\" \/>\n<meta property=\"article:published_time\" content=\"2023-10-30T15:00:22+00:00\" \/>\n<meta property=\"article:modified_time\" content=\"2023-12-28T12:57:16+00:00\" \/>\n<meta property=\"og:image\" content=\"https:\/\/www.interactsolutions.com\/wp-content\/uploads\/2023\/10\/rede-1.png\" \/>\n\t<meta property=\"og:image:width\" content=\"1175\" \/>\n\t<meta property=\"og:image:height\" content=\"573\" \/>\n\t<meta property=\"og:image:type\" content=\"image\/png\" \/>\n<meta name=\"author\" content=\"conteudo_2\" \/>\n<meta name=\"twitter:card\" content=\"summary_large_image\" \/>\n<meta name=\"twitter:label1\" content=\"Escrito por\" \/>\n\t<meta name=\"twitter:data1\" content=\"conteudo_2\" \/>\n\t<meta name=\"twitter:label2\" content=\"Tiempo de lectura\" \/>\n\t<meta name=\"twitter:data2\" content=\"2 minutos\" \/>\n<script type=\"application\/ld+json\" class=\"yoast-schema-graph\">{\"@context\":\"https:\\\/\\\/schema.org\",\"@graph\":[{\"@type\":\"Article\",\"@id\":\"https:\\\/\\\/www.interactsolutions.com\\\/es\\\/interact-latam-se-une-a-una-asociacion-de-empresas-latinoamericanas\\\/#article\",\"isPartOf\":{\"@id\":\"https:\\\/\\\/www.interactsolutions.com\\\/es\\\/interact-latam-se-une-a-una-asociacion-de-empresas-latinoamericanas\\\/\"},\"author\":{\"name\":\"conteudo_2\",\"@id\":\"https:\\\/\\\/www.interactsolutions.com\\\/es\\\/#\\\/schema\\\/person\\\/68a2f4ee4f57a8ccb8862de4c85c21f5\"},\"headline\":\"Interact Latam se une a una asociaci\u00f3n de empresas latinoamericanas\",\"datePublished\":\"2023-10-30T15:00:22+00:00\",\"dateModified\":\"2023-12-28T12:57:16+00:00\",\"mainEntityOfPage\":{\"@id\":\"https:\\\/\\\/www.interactsolutions.com\\\/es\\\/interact-latam-se-une-a-una-asociacion-de-empresas-latinoamericanas\\\/\"},\"wordCount\":412,\"image\":{\"@id\":\"https:\\\/\\\/www.interactsolutions.com\\\/es\\\/interact-latam-se-une-a-una-asociacion-de-empresas-latinoamericanas\\\/#primaryimage\"},\"thumbnailUrl\":\"https:\\\/\\\/www.interactsolutions.com\\\/wp-content\\\/uploads\\\/2023\\\/10\\\/rede-1.png\",\"articleSection\":[\"Sin categorizar\"],\"inLanguage\":\"es\"},{\"@type\":\"WebPage\",\"@id\":\"https:\\\/\\\/www.interactsolutions.com\\\/es\\\/interact-latam-se-une-a-una-asociacion-de-empresas-latinoamericanas\\\/\",\"url\":\"https:\\\/\\\/www.interactsolutions.com\\\/es\\\/interact-latam-se-une-a-una-asociacion-de-empresas-latinoamericanas\\\/\",\"name\":\"Interact Latam se une a una asociaci\u00f3n de empresas latinoamericanas - Interact Solutions\",\"isPartOf\":{\"@id\":\"https:\\\/\\\/www.interactsolutions.com\\\/es\\\/#website\"},\"primaryImageOfPage\":{\"@id\":\"https:\\\/\\\/www.interactsolutions.com\\\/es\\\/interact-latam-se-une-a-una-asociacion-de-empresas-latinoamericanas\\\/#primaryimage\"},\"image\":{\"@id\":\"https:\\\/\\\/www.interactsolutions.com\\\/es\\\/interact-latam-se-une-a-una-asociacion-de-empresas-latinoamericanas\\\/#primaryimage\"},\"thumbnailUrl\":\"https:\\\/\\\/www.interactsolutions.com\\\/wp-content\\\/uploads\\\/2023\\\/10\\\/rede-1.png\",\"datePublished\":\"2023-10-30T15:00:22+00:00\",\"dateModified\":\"2023-12-28T12:57:16+00:00\",\"author\":{\"@id\":\"https:\\\/\\\/www.interactsolutions.com\\\/es\\\/#\\\/schema\\\/person\\\/68a2f4ee4f57a8ccb8862de4c85c21f5\"},\"inLanguage\":\"es\",\"potentialAction\":[{\"@type\":\"ReadAction\",\"target\":[\"https:\\\/\\\/www.interactsolutions.com\\\/es\\\/interact-latam-se-une-a-una-asociacion-de-empresas-latinoamericanas\\\/\"]}]},{\"@type\":\"ImageObject\",\"inLanguage\":\"es\",\"@id\":\"https:\\\/\\\/www.interactsolutions.com\\\/es\\\/interact-latam-se-une-a-una-asociacion-de-empresas-latinoamericanas\\\/#primaryimage\",\"url\":\"https:\\\/\\\/www.interactsolutions.com\\\/wp-content\\\/uploads\\\/2023\\\/10\\\/rede-1.png\",\"contentUrl\":\"https:\\\/\\\/www.interactsolutions.com\\\/wp-content\\\/uploads\\\/2023\\\/10\\\/rede-1.png\",\"width\":1175,\"height\":573},{\"@type\":\"WebSite\",\"@id\":\"https:\\\/\\\/www.interactsolutions.com\\\/es\\\/#website\",\"url\":\"https:\\\/\\\/www.interactsolutions.com\\\/es\\\/\",\"name\":\"Interact Solutions\",\"description\":\"\",\"potentialAction\":[{\"@type\":\"SearchAction\",\"target\":{\"@type\":\"EntryPoint\",\"urlTemplate\":\"https:\\\/\\\/www.interactsolutions.com\\\/es\\\/?s={search_term_string}\"},\"query-input\":{\"@type\":\"PropertyValueSpecification\",\"valueRequired\":true,\"valueName\":\"search_term_string\"}}],\"inLanguage\":\"es\"},{\"@type\":\"Person\",\"@id\":\"https:\\\/\\\/www.interactsolutions.com\\\/es\\\/#\\\/schema\\\/person\\\/68a2f4ee4f57a8ccb8862de4c85c21f5\",\"name\":\"conteudo_2\"}]}<\/script>\n<!-- \/ Yoast SEO plugin. -->","yoast_head_json":{"title":"Interact Latam se une a una asociaci\u00f3n de empresas latinoamericanas - Interact Solutions","robots":{"index":"index","follow":"follow","max-snippet":"max-snippet:-1","max-image-preview":"max-image-preview:large","max-video-preview":"max-video-preview:-1"},"canonical":"https:\/\/www.interactsolutions.com\/es\/interact-latam-se-une-a-una-asociacion-de-empresas-latinoamericanas\/","og_locale":"es_ES","og_type":"article","og_title":"Interact Latam se une a una asociaci\u00f3n de empresas latinoamericanas - Interact Solutions","og_description":"Interact Latam, la Unidad de Interact enfocada en negocios internacionales, se convirti\u00f3 en parte de la\u00a0Red Latinoamericana de Procesos, Tecnolog\u00eda y Gesti\u00f3n. La asociaci\u00f3n es un grupo de proveedores de productos, servicios y formaci\u00f3n especializada en procesos, tecnolog\u00eda y gesti\u00f3n,\u2026","og_url":"https:\/\/www.interactsolutions.com\/es\/interact-latam-se-une-a-una-asociacion-de-empresas-latinoamericanas\/","og_site_name":"Interact Solutions","article_published_time":"2023-10-30T15:00:22+00:00","article_modified_time":"2023-12-28T12:57:16+00:00","og_image":[{"width":1175,"height":573,"url":"https:\/\/www.interactsolutions.com\/wp-content\/uploads\/2023\/10\/rede-1.png","type":"image\/png"}],"author":"conteudo_2","twitter_card":"summary_large_image","twitter_misc":{"Escrito por":"conteudo_2","Tiempo de lectura":"2 minutos"},"schema":{"@context":"https:\/\/schema.org","@graph":[{"@type":"Article","@id":"https:\/\/www.interactsolutions.com\/es\/interact-latam-se-une-a-una-asociacion-de-empresas-latinoamericanas\/#article","isPartOf":{"@id":"https:\/\/www.interactsolutions.com\/es\/interact-latam-se-une-a-una-asociacion-de-empresas-latinoamericanas\/"},"author":{"name":"conteudo_2","@id":"https:\/\/www.interactsolutions.com\/es\/#\/schema\/person\/68a2f4ee4f57a8ccb8862de4c85c21f5"},"headline":"Interact Latam se une a una asociaci\u00f3n de empresas latinoamericanas","datePublished":"2023-10-30T15:00:22+00:00","dateModified":"2023-12-28T12:57:16+00:00","mainEntityOfPage":{"@id":"https:\/\/www.interactsolutions.com\/es\/interact-latam-se-une-a-una-asociacion-de-empresas-latinoamericanas\/"},"wordCount":412,"image":{"@id":"https:\/\/www.interactsolutions.com\/es\/interact-latam-se-une-a-una-asociacion-de-empresas-latinoamericanas\/#primaryimage"},"thumbnailUrl":"https:\/\/www.interactsolutions.com\/wp-content\/uploads\/2023\/10\/rede-1.png","articleSection":["Sin categorizar"],"inLanguage":"es"},{"@type":"WebPage","@id":"https:\/\/www.interactsolutions.com\/es\/interact-latam-se-une-a-una-asociacion-de-empresas-latinoamericanas\/","url":"https:\/\/www.interactsolutions.com\/es\/interact-latam-se-une-a-una-asociacion-de-empresas-latinoamericanas\/","name":"Interact Latam se une a una asociaci\u00f3n de empresas latinoamericanas - Interact Solutions","isPartOf":{"@id":"https:\/\/www.interactsolutions.com\/es\/#website"},"primaryImageOfPage":{"@id":"https:\/\/www.interactsolutions.com\/es\/interact-latam-se-une-a-una-asociacion-de-empresas-latinoamericanas\/#primaryimage"},"image":{"@id":"https:\/\/www.interactsolutions.com\/es\/interact-latam-se-une-a-una-asociacion-de-empresas-latinoamericanas\/#primaryimage"},"thumbnailUrl":"https:\/\/www.interactsolutions.com\/wp-content\/uploads\/2023\/10\/rede-1.png","datePublished":"2023-10-30T15:00:22+00:00","dateModified":"2023-12-28T12:57:16+00:00","author":{"@id":"https:\/\/www.interactsolutions.com\/es\/#\/schema\/person\/68a2f4ee4f57a8ccb8862de4c85c21f5"},"inLanguage":"es","potentialAction":[{"@type":"ReadAction","target":["https:\/\/www.interactsolutions.com\/es\/interact-latam-se-une-a-una-asociacion-de-empresas-latinoamericanas\/"]}]},{"@type":"ImageObject","inLanguage":"es","@id":"https:\/\/www.interactsolutions.com\/es\/interact-latam-se-une-a-una-asociacion-de-empresas-latinoamericanas\/#primaryimage","url":"https:\/\/www.interactsolutions.com\/wp-content\/uploads\/2023\/10\/rede-1.png","contentUrl":"https:\/\/www.interactsolutions.com\/wp-content\/uploads\/2023\/10\/rede-1.png","width":1175,"height":573},{"@type":"WebSite","@id":"https:\/\/www.interactsolutions.com\/es\/#website","url":"https:\/\/www.interactsolutions.com\/es\/","name":"Interact Solutions","description":"","potentialAction":[{"@type":"SearchAction","target":{"@type":"EntryPoint","urlTemplate":"https:\/\/www.interactsolutions.com\/es\/?s={search_term_string}"},"query-input":{"@type":"PropertyValueSpecification","valueRequired":true,"valueName":"search_term_string"}}],"inLanguage":"es"},{"@type":"Person","@id":"https:\/\/www.interactsolutions.com\/es\/#\/schema\/person\/68a2f4ee4f57a8ccb8862de4c85c21f5","name":"conteudo_2"}]}},"_links":{"self":[{"href":"https:\/\/www.interactsolutions.com\/es\/wp-json\/wp\/v2\/posts\/5431","targetHints":{"allow":["GET"]}}],"collection":[{"href":"https:\/\/www.interactsolutions.com\/es\/wp-json\/wp\/v2\/posts"}],"about":[{"href":"https:\/\/www.interactsolutions.com\/es\/wp-json\/wp\/v2\/types\/post"}],"author":[{"embeddable":true,"href":"https:\/\/www.interactsolutions.com\/es\/wp-json\/wp\/v2\/users\/3"}],"replies":[{"embeddable":true,"href":"https:\/\/www.interactsolutions.com\/es\/wp-json\/wp\/v2\/comments?post=5431"}],"version-history":[{"count":1,"href":"https:\/\/www.interactsolutions.com\/es\/wp-json\/wp\/v2\/posts\/5431\/revisions"}],"predecessor-version":[{"id":5435,"href":"https:\/\/www.interactsolutions.com\/es\/wp-json\/wp\/v2\/posts\/5431\/revisions\/5435"}],"wp:featuredmedia":[{"embeddable":true,"href":"https:\/\/www.interactsolutions.com\/es\/wp-json\/wp\/v2\/media\/5432"}],"wp:attachment":[{"href":"https:\/\/www.interactsolutions.com\/es\/wp-json\/wp\/v2\/media?parent=5431"}],"wp:term":[{"taxonomy":"category","embeddable":true,"href":"https:\/\/www.interactsolutions.com\/es\/wp-json\/wp\/v2\/categories?post=5431"}],"curies":[{"name":"wp","href":"https:\/\/api.w.org\/{rel}","templated":true}]}}